{"id":9961,"date":"2021-05-01T09:51:42","date_gmt":"2021-05-01T09:51:42","guid":{"rendered":"http:\/\/centredebienetreholistique.com\/?p=9961"},"modified":"2021-05-01T09:51:42","modified_gmt":"2021-05-01T09:51:42","slug":"nouvelle-etude-sur-la-re-infectuosite-du-sar-cov-2-sur-des-anciens-seropositifs","status":"publish","type":"post","link":"https:\/\/centredebienetreholistique.com\/?p=9961","title":{"rendered":"Nouvelle \u00e9tude sur la r\u00e9-infectuosit\u00e9 du SAR COV-2 sur des anciens s\u00e9ropositifs"},"content":{"rendered":"","protected":true},"excerpt":{"rendered":"","protected":true},"author":1,"featured_media":0,"comment_status":"open","ping_status":"open","sticky":false,"template":"","format":"standard","meta":{"_jetpack_newsletter_access":"","footnotes":""},"categories":[1],"tags":[],"jetpack_featured_media_url":"","jetpack_sharing_enabled":true,"jetpack_shortlink":"https:\/\/wp.me\/p4FfFc-2AF","jetpack_likes_enabled":true,"jetpack-related-posts":[{"id":2973,"url":"https:\/\/centredebienetreholistique.com\/?p=2973","url_meta":{"origin":9961,"position":0},"title":"Atelier &#8220;immunit\u00e9, pand\u00e9mies et COVID 19&#8221; du Stage d&#8217;\u00e9t\u00e9 sur la Long\u00e9vit\u00e9 Optimale","author":"centredebienetreholistique","date":"March 28, 2020","format":false,"excerpt":"Descriptif de l'Atelier Cet \u00e9t\u00e9, si tout se passe bien et si nous avions assez de stagiaires, le Centre de bien-entre holistique enseignera un atelier \"immunit\u00e9 et pand\u00e9mie\". Dams cette perspective, \u00a0plusieurs protocoles holistiques qui peuvent avoir raison du SARS COV-2 et d'autres virus seront analys\u00e9s. On \u00e9tudiera aussi les\u2026","rel":"","context":"Similar post","block_context":{"text":"Similar post","link":""},"img":{"alt_text":"","src":"","width":0,"height":0},"classes":[]},{"id":3242,"url":"https:\/\/centredebienetreholistique.com\/?p=3242","url_meta":{"origin":9961,"position":1},"title":"D\u00e9confinement: Calendrier","author":"centredebienetreholistique","date":"May 2, 2020","format":false,"excerpt":"Le premier ministre, Edouard Philippe, a annonc\u00e9, mardi 28\u00a0avril, la strat\u00e9gie nationale de sortie du confinement \u00e0 l\u2019Assembl\u00e9e nationale, comme il s\u2019y \u00e9tait engag\u00e9. La premi\u00e8re phase de ce plan s\u2019\u00e9talera du lundi 11\u00a0mai au lundi 1er\u00a0juin. Si l\u2019\u00e9pid\u00e9mie continue de ralentir au rythme esp\u00e9r\u00e9 par les autorit\u00e9s, la seconde\u2026","rel":"","context":"Similar post","block_context":{"text":"Similar post","link":""},"img":{"alt_text":"","src":"","width":0,"height":0},"classes":[]},{"id":11685,"url":"https:\/\/centredebienetreholistique.com\/?p=11685","url_meta":{"origin":9961,"position":2},"title":"La Politique vaccinale obligatoire n&#8217;est pas conforme \u00e0 l&#8217;\u00e9thique m\u00e9dicale ni au Droit","author":"centredebienetreholistique","date":"July 14, 2021","format":false,"excerpt":"Le forcing vaccinal n'est pas conforme ni \u00e0 l'int\u00e9r\u00eat g\u00e9n\u00e9ral de la Nation et encore moins au Droit et ce d'autant qu'il y a des alternatives cr\u00e9dibles et sup\u00e9rieures. Cette section comporte une analyse assez d\u00e9taill\u00e9e qui sera incluse dans le ebook en gestation. Pour l'instant, vu qu'aujourd'hui on est\u2026","rel":"","context":"Similar post","block_context":{"text":"Similar post","link":""},"img":{"alt_text":"","src":"","width":0,"height":0},"classes":[]},{"id":9888,"url":"https:\/\/centredebienetreholistique.com\/?p=9888","url_meta":{"origin":9961,"position":3},"title":"Vis medicatrix naturae et la M\u00e9decine du Shinrin-Yoku (Forest Bathing) au Centre M\u00e9diterran\u00e9en Holistique","author":"centredebienetreholistique","date":"April 28, 2021","format":false,"excerpt":"Plusieurs \u00e9tudes publi\u00e9es dans des journaux scientifiques reconnus ont montr\u00e9 que les terpenes et phytoncides \u00a0(huiles essentielles des forets, en particulier les\u00a0isoprenes, alpha-pinenes, et beta-pinenes) ainsi que microbes et virus et leurs m\u00e9tabolites dans l'air (1)\u00a0des forets biodiversif\u00e9es impactent de fa\u00e7on th\u00e9rapeutique (quantifiable) la sant\u00e9 humaine, y compris en mati\u00e8re\u2026","rel":"","context":"Similar post","block_context":{"text":"Similar post","link":""},"img":{"alt_text":"","src":"","width":0,"height":0},"classes":[]},{"id":12296,"url":"https:\/\/centredebienetreholistique.com\/?p=12296","url_meta":{"origin":9961,"position":4},"title":"Le Secteur du Cannabis, fond\u00e9 sur une science robuste, va bient\u00f4t approcher 60 milliards de dollars l\u00e9gitimes en Am\u00e9rique: Pourquoi un tel manquement et-ou aveuglement parmi les autorit\u00e9s fran\u00e7aises ?","author":"centredebienetreholistique","date":"October 5, 2021","format":false,"excerpt":"D\u2019ici 2027, le secteur du cannabis pourrait valoir 57 milliards de dollars. Voici comment en profiter Au cours des derni\u00e8res ann\u00e9es, le monde a appris \u00e0 conna\u00eetre le cannabis et ses qualit\u00e9s m\u00e9dicinales. Des recherches ont \u00e9t\u00e9 men\u00e9es et document\u00e9es sur la contribution du cannabis au soulagement de la douleur,\u2026","rel":"","context":"Similar post","block_context":{"text":"Similar post","link":""},"img":{"alt_text":"","src":"","width":0,"height":0},"classes":[]},{"id":1246,"url":"https:\/\/centredebienetreholistique.com\/?p=1246","url_meta":{"origin":9961,"position":5},"title":"La vaccination vue au travers du prisme du microbiome, de la science et de la m\u00e9decine holistique.","author":"centredebienetreholistique","date":"July 11, 2016","format":false,"excerpt":"Suite \u00e0 la radiation de toute \u00e9vidence abusive d'Henri Joyeux, professeur de canc\u00e9rologie, par le Conseil National de l'Ordre des M\u00e9decins, (cr\u00e9e par l'Etat de Vichy), je viens d'\u00e9couter une partie du d\u00e9bat vaccin fran\u00e7ais et je constate plusieurs carences par rapport aux d\u00e9bats scientifiques am\u00e9ricains. LE D\u00c9BAT SCIENTIFIQUE AM\u00c9RICAIN\u2026","rel":"","context":"Similar post","block_context":{"text":"Similar post","link":""},"img":{"alt_text":"","src":"","width":0,"height":0},"classes":[]}],"_links":{"self":[{"href":"https:\/\/centredebienetreholistique.com\/index.php?rest_route=\/wp\/v2\/posts\/9961"}],"collection":[{"href":"https:\/\/centredebienetreholistique.com\/index.php?rest_route=\/wp\/v2\/posts"}],"about":[{"href":"https:\/\/centredebienetreholistique.com\/index.php?rest_route=\/wp\/v2\/types\/post"}],"author":[{"embeddable":true,"href":"https:\/\/centredebienetreholistique.com\/index.php?rest_route=\/wp\/v2\/users\/1"}],"replies":[{"embeddable":true,"href":"https:\/\/centredebienetreholistique.com\/index.php?rest_route=%2Fwp%2Fv2%2Fcomments&post=9961"}],"version-history":[{"count":1,"href":"https:\/\/centredebienetreholistique.com\/index.php?rest_route=\/wp\/v2\/posts\/9961\/revisions"}],"predecessor-version":[{"id":9962,"href":"https:\/\/centredebienetreholistique.com\/index.php?rest_route=\/wp\/v2\/posts\/9961\/revisions\/9962"}],"wp:attachment":[{"href":"https:\/\/centredebienetreholistique.com\/index.php?rest_route=%2Fwp%2Fv2%2Fmedia&parent=9961"}],"wp:term":[{"taxonomy":"category","embeddable":true,"href":"https:\/\/centredebienetreholistique.com\/index.php?rest_route=%2Fwp%2Fv2%2Fcategories&post=9961"},{"taxonomy":"post_tag","embeddable":true,"href":"https:\/\/centredebienetreholistique.com\/index.php?rest_route=%2Fwp%2Fv2%2Ftags&post=9961"}],"curies":[{"name":"wp","href":"https:\/\/api.w.org\/{rel}","templated":true}]}}