{"id":984,"date":"2015-11-05T22:43:59","date_gmt":"2015-11-05T22:43:59","guid":{"rendered":"http:\/\/centredebienetreholistique.com\/?p=984"},"modified":"2019-11-27T03:20:07","modified_gmt":"2019-11-27T03:20:07","slug":"lesprit-de-la-medecine-holistique-et-de-son-centre-pyreneen","status":"publish","type":"post","link":"https:\/\/centredebienetreholistique.com\/?p=984","title":{"rendered":"L&#8217;esprit de la M\u00e9decine Holistique et de son Centre Pyr\u00e9n\u00e9en"},"content":{"rendered":"<h5 style=\"text-align: justify;\">Outre d&#8217;autres \u00e9l\u00e9ments de la sant\u00e9 holistique, tel l&#8217;\u00e9nerg\u00e9tique, le micro-environnement, la biophysique, <a href=\"https:\/\/en.wikipedia.org\/wiki\/Human_musculoskeletal_system\">&#8220;l&#8217;aspect l&#8217;musculo-skeletal&#8221;,<\/a>\u00a0la biochimie (ce qui comprend la nutrition clinique, la phytoth\u00e9rapie et l&#8217;hydroth\u00e9rapie), le chamanisme, l&#8217;\u00e9pig\u00e9n\u00e9tique et plus d&#8217;une douzaine d&#8217;autres \u00e9l\u00e9ments qui sont enseign\u00e9s au<a href=\"https:\/\/centredebienetreholistique.com\">\u00a0Centre de M\u00e9decine Holistique<\/a>, \u00a0ainsi que dans d&#8217;autres Centres de la m\u00e9decine innovante, il y a le syst\u00e8me de croyance du patient, ses attitudes, ses peurs, ses phobies, ses traumatismes, ses blocages, son syst\u00e8me de croyance, sa probl\u00e9matique perso, voire ses esp\u00e9rances et sa joie de vivre etc, \u00a0qui sont trop souvent n\u00e9glig\u00e9s par la m\u00e9decine conventionnelle de l&#8217;Etat. (PIECE C)<\/h5>\n<h5 style=\"text-align: justify;\">Dans cette perspective, depuis plus d&#8217;une centaine d&#8217;ann\u00e9es, la double notion &#8220;plac\u00e9bo-noc\u00e9bo&#8221; est connue de la m\u00e9decine classique (voir les pi\u00e8ces ci-dessous), mais trop peu enseign\u00e9e et, \u00e0 fortiori, trop peu pratiqu\u00e9e dans l&#8217;orthodoxie m\u00e9dicale.<\/h5>\n<h5 style=\"text-align: justify;\">A ce sujet, dans les meilleurs institutions en Am\u00e9rique, la science progresse rapidement et de plus en plus de centres de sant\u00e9 holistique, voire de cliniques mettent en pratique cette connaissance de l&#8217;esprit et du processus de l&#8217;auto-gu\u00e9rison du patient gra\u00e7e \u00e0 son attitude, \u00e0 son syst\u00e8me de croyance, \u00e0 son &#8220;alch\u00e9mie&#8221; spirituelle, au soutien de son entourage et de sa flore intestinale \u00a0etc. (PIECE B)<\/h5>\n<h5 style=\"text-align: justify;\">Dans une r\u00e9cente\u00a0<a href=\"https:\/\/centredebienetreholistique.com\/?page_id=988\">vid\u00e9o d&#8217;Art\u00e9 sur une version allemande de la M\u00e9decine Holistique<\/a>, \u00a0(voir celle-ci via clique de souris ci-avant), \u00e0 l&#8217;appui, \u00a0plusieurs t\u00e9moignages de patients et de professionnels de la sant\u00e9 corroborent ces faits. Les propos du canc\u00e9rologue allemand Gerd Nagel \u00e0 ce sujet nous paraissent justes, il est capital d&#8217;explorer individuellement le potentiel de gu\u00e9rison de chaque patient, d&#8217;activer les voies de gu\u00e9rison int\u00e9rieures du patient, de respecter le premier role de tout docteur et professionnel de la sant\u00e9, celui d&#8217;\u00eatre un enseignant de la sant\u00e9 holistique, un guide bienveillant et conscientieux, un \u00a0<a href=\"http:\/\/www.ncbi.nlm.nih.gov\/pubmed\/977808\">&#8221; health facilitator&#8221;<\/a>\u00a0(ie, etymologiquement, le terme de docteur veut dire &#8220;enseignant&#8221;, idem en japonais <a href=\"https:\/\/en.wikipedia.org\/wiki\/Sensei\">&#8220;sensei&#8221;<\/a>\u00a0et<a href=\"https:\/\/en.wikipedia.org\/wiki\/Hakim_(title)\"> hakim<\/a>, en m\u00e9decine traditionnelle perse \u00a0dont <a href=\"https:\/\/fr.wikipedia.org\/wiki\/Avicenne\">Avicenne<\/a> fut l&#8217;un des p\u00e8res fondateurs).<\/h5>\n<h5 style=\"text-align: justify;\">Toutefois, le Dr Nagel et les autres intervenants de ce documentaire allemand ne mettent pas assez d&#8217;accent sur les autres \u00e9l\u00e9ments constitutifs de la m\u00e9decine \u00a0holistique et de<a href=\"http:\/\/www.larousse.fr\/dictionnaires\/francais\/hom\u00e9ostasie\/40213\"> l&#8217;hom\u00e9ostasie<\/a>, lesquels\u00a0sont synerg\u00e9tiquemet li\u00e9s \u00e0 la m\u00e9decine de l&#8217;esprit, dont l&#8217;effet noc\u00e9bo, qui est responsable d&#8217;un taux \u00e9lev\u00e9 de souffrance inutile, de suicide et de d\u00e9c\u00e8s via complications li\u00e9es \u00e0 l&#8217;absence de m\u00e9decine holistique, (Voir la PIECE A, ci-apr\u00e8s).<\/h5>\n<h5 style=\"text-align: justify;\">Comme nous l&#8217;avions \u00e9crit il y a plus de dix ans <a href=\"http:\/\/www.milct.org\/sites\/default\/files\/Lettre%20MILCT12%20V100.pdf\">(Voir le journal du movement international du libre choix th\u00e9rapeutque<\/a>, pages 5-17), le refus de reconnaitre la m\u00e9decine holistique est une erreur de ceux et de celles qui controlent la politique de la sant\u00e9 ;ublique de \u00a0l&#8217;Etat. (1)<\/h5>\n<h5 style=\"text-align: justify;\">En l&#8217;esp\u00e8ce, <a href=\"https:\/\/centredebienetreholistique.com\/?page_id=480\">nos stages <\/a>ainsi que les preuves montrent que la m\u00e9decine holistique est en g\u00e9n\u00e9rale cliniquement sup\u00e9rieure \u00e0 la m\u00e9decine allopathique contemporaine sur presque tous les fronts en mati\u00e8re de maladies chroniques, tels la cardiologie, la canc\u00e9rologie, les maladies auto-immunes, le diab\u00e8tes, les maladies mentales comme l&#8217;Alzheimer etc.<\/h5>\n<h5 style=\"text-align: justify;\">En visant davantage \u00a0la symptomalogie du patient que les racines de la pathologie et du mal-\u00eatre, celles et ceux qui contr\u00f4lent la m\u00e9decine allopathique officielle d&#8217;aujourd&#8217;hui ne respectent pas leur mandat. (2). Pire, trop d&#8217;agents publiques et-ou l&#8217;id\u00e9ologie dominante fran\u00e7aise poussent les pionniers h\u00e9r\u00e9tiques fran\u00e7ais de la science holistique comme Gaston Naessens, <a href=\"https:\/\/en.wikipedia.org\/wiki\/David_Servan-Schreiber\">David Servan Schreiber<\/a>, Luc Montagnier, l&#8217;\u00e9quipe Beljanski (et autres) \u00e0 s&#8217;expatrier en Am\u00e9rique (3) ou ailleurs.<\/h5>\n<h5 style=\"text-align: justify;\">Il serait temps de changer de <a href=\"https:\/\/centredebienetreholistique.com\/?page_id=782\">paradigme m\u00e9dicale<\/a>, de dissoudre le monopole de l&#8217;Etat en mati\u00e8re de m\u00e9decine allopathique contemporaine, d&#8217;utiliser cette m\u00e9decine \u00a0surtout pour les urgences et quelques maladies aigues et de lib\u00e9rer la v\u00e9rit\u00e9 scientifique sur la sup\u00e9riorit\u00e9 clinique de la m\u00e9decine int\u00e9grative et holistique, de sorte que L&#8217;Etat, les centres de sant\u00e9 et les entreprises responsables fran\u00e7aises puissent investir dans une efficace sant\u00e9 publique erga omn\u00e8s, dans le bien-\u00eatre de la Nation.<\/h5>\n<h5 style=\"text-align: justify;\">Ce faisant, la reconnaissance, voire la promotion pro-active de la m\u00e9decine holistique et son remboursement par les Caisses publiques \u00a0de l&#8217;Etat r\u00e9soudrait la crise actuelle du mal-\u00eatre de la Nation, du syst\u00e8me d&#8217;assurance maladie et des finances publiques.\u00a0Il en va du bien-etre holistique de tous.<\/h5>\n<p><a href=\"https:\/\/centredebienetreholistique.com\/wp-content\/uploads\/2015\/11\/beretFrench.png\"><img data-attachment-id=\"996\" data-permalink=\"https:\/\/centredebienetreholistique.com\/?attachment_id=996\" data-orig-file=\"https:\/\/centredebienetreholistique.com\/wp-content\/uploads\/2015\/11\/beretFrench.png\" data-orig-size=\"2048,2048\" data-comments-opened=\"1\" data-image-meta=\"{&quot;aperture&quot;:&quot;0&quot;,&quot;credit&quot;:&quot;&quot;,&quot;camera&quot;:&quot;&quot;,&quot;caption&quot;:&quot;&quot;,&quot;created_timestamp&quot;:&quot;0&quot;,&quot;copyright&quot;:&quot;&quot;,&quot;focal_length&quot;:&quot;0&quot;,&quot;iso&quot;:&quot;0&quot;,&quot;shutter_speed&quot;:&quot;0&quot;,&quot;title&quot;:&quot;&quot;}\" data-image-title=\"beretFrench\" data-image-description=\"\" data-image-caption=\"\" data-medium-file=\"https:\/\/centredebienetreholistique.com\/wp-content\/uploads\/2015\/11\/beretFrench-300x300.png\" data-large-file=\"https:\/\/centredebienetreholistique.com\/wp-content\/uploads\/2015\/11\/beretFrench-1024x1024.png\" decoding=\"async\" loading=\"lazy\" class=\"wp-image-996 aligncenter\" src=\"https:\/\/centredebienetreholistique.com\/wp-content\/uploads\/2015\/11\/beretFrench-300x300.png\" alt=\"beretFrench\" width=\"103\" height=\"103\" srcset=\"https:\/\/centredebienetreholistique.com\/wp-content\/uploads\/2015\/11\/beretFrench-300x300.png 300w, https:\/\/centredebienetreholistique.com\/wp-content\/uploads\/2015\/11\/beretFrench-150x150.png 150w, https:\/\/centredebienetreholistique.com\/wp-content\/uploads\/2015\/11\/beretFrench-1024x1024.png 1024w, https:\/\/centredebienetreholistique.com\/wp-content\/uploads\/2015\/11\/beretFrench-100x100.png 100w, https:\/\/centredebienetreholistique.com\/wp-content\/uploads\/2015\/11\/beretFrench-200x200.png 200w, https:\/\/centredebienetreholistique.com\/wp-content\/uploads\/2015\/11\/beretFrench-450x450.png 450w, https:\/\/centredebienetreholistique.com\/wp-content\/uploads\/2015\/11\/beretFrench-600x600.png 600w, https:\/\/centredebienetreholistique.com\/wp-content\/uploads\/2015\/11\/beretFrench-900x900.png 900w, https:\/\/centredebienetreholistique.com\/wp-content\/uploads\/2015\/11\/beretFrench.png 2048w\" sizes=\"(max-width: 103px) 100vw, 103px\" \/><\/a><\/p>\n<h6 style=\"text-align: center;\">NOTES DE PR\u00c9CISION<\/h6>\n<h6 style=\"text-align: justify;\">(1). La m\u00e9decine holistique est distincte des autres types de m\u00e9decines non-conventionelles reconnus par l&#8217;Organisation de la Sant\u00e9 Mondiale et le Parlement europ\u00e9en. Mais la m\u00e9decine holistique reste n\u00e9anmoins compl\u00e8tement compatible avec d&#8217;autres formes de soins &#8220;alternatifs&#8221; et soutenables, de \u00a0l&#8217;acupuncture, \u00e0 l&#8217;hom\u00e9opathie, la naturopathie, l&#8217;aromath\u00e9rapie, l&#8217;anthroposophie, la vino-th\u00e9rapie, le reiki et, entre autres, \u00a0la phytoth\u00e9rapie (dont la m\u00e9decine du cannabis, laquelle est reconnue maintenant dans plus d&#8217; une vingtaine d&#8217;Etats des Etats Unis).<\/h6>\n<h6 style=\"text-align: justify;\">(2). \u00a0Tout en m\u00e9decine allopahtique contemporaine n&#8217;est pas nocif, ce type de m\u00e9decine est particuli\u00e8rement efficace en m\u00e9decine palliative et aux soins d&#8217;urgence. Toutefois, pour les maladies chroniques, cette m\u00e9decine reste tr\u00e8s inefficace, voire nocives. Les faits sont connus depuis des d\u00e9cennies. Afin de soupeser le poids des preuves, <a href=\"https:\/\/centredebienetreholistique.com\/?page_id=141\">voir nos ateliers sur le droit m\u00e9dical.\u00a0<\/a><\/h6>\n<h6 style=\"text-align: justify;\">(3). Dans le documentaire que nous pr\u00e9parons sur la canc\u00e9rologie holistique, nous avons interview\u00e9<a href=\"http:\/\/www.beljanski.org\/engl\/about-the-beljanski-foundation\/biography-sylvie-beljanski\/\"> Sylvie Beljanski et son directeur m\u00e9dical, Dr John Hall.<\/a> \u00a0Expatri\u00e9e \u00e0 New York, \u00a0l&#8217;\u00e9quipe Beljanski explique en quoi consiste l&#8217;approche holistique du \u00a0p\u00e8re de Sylvie, lequel a \u00e9t\u00e9 pers\u00e9cut\u00e9 par ceux et celles qui controlent les pouvoirs publiques fran\u00e7ais. D&#8217;autre part, il y aurait une Commission anti-secte \u00e0 l&#8217;Assembl\u00e9e Nationale qui amalgame la m\u00e9decine holistique \u00e0 l&#8217;int\u00e9rieur d&#8217;une politique r\u00e9pressive de l&#8217;Etat. Il y a plusieurs ann\u00e9es, le Congr\u00e8s f\u00e9d\u00e9ral am\u00e9ricain avait d\u00e9clar\u00e9 la politique &#8220;anti-secte&#8221; de la France comme \u00e9tant constitutive d&#8217;une violation des droits humains.<\/h6>\n<p><a href=\"https:\/\/centredebienetreholistique.com\/wp-content\/uploads\/2014\/12\/grapesmuscatCC.jpg\"><img data-attachment-id=\"600\" data-permalink=\"https:\/\/centredebienetreholistique.com\/?attachment_id=600\" data-orig-file=\"https:\/\/centredebienetreholistique.com\/wp-content\/uploads\/2014\/12\/grapesmuscatCC.jpg\" data-orig-size=\"400,600\" data-comments-opened=\"1\" data-image-meta=\"{&quot;aperture&quot;:&quot;0&quot;,&quot;credit&quot;:&quot;&quot;,&quot;camera&quot;:&quot;&quot;,&quot;caption&quot;:&quot;&quot;,&quot;created_timestamp&quot;:&quot;0&quot;,&quot;copyright&quot;:&quot;&quot;,&quot;focal_length&quot;:&quot;0&quot;,&quot;iso&quot;:&quot;0&quot;,&quot;shutter_speed&quot;:&quot;0&quot;,&quot;title&quot;:&quot;&quot;}\" data-image-title=\"grapesmuscatCC\" data-image-description=\"\" data-image-caption=\"\" data-medium-file=\"https:\/\/centredebienetreholistique.com\/wp-content\/uploads\/2014\/12\/grapesmuscatCC-200x300.jpg\" data-large-file=\"https:\/\/centredebienetreholistique.com\/wp-content\/uploads\/2014\/12\/grapesmuscatCC.jpg\" decoding=\"async\" loading=\"lazy\" class=\" wp-image-600 aligncenter\" src=\"https:\/\/centredebienetreholistique.com\/wp-content\/uploads\/2014\/12\/grapesmuscatCC-200x300.jpg\" alt=\"grapesmuscatCC\" width=\"106\" height=\"159\" srcset=\"https:\/\/centredebienetreholistique.com\/wp-content\/uploads\/2014\/12\/grapesmuscatCC-200x300.jpg 200w, https:\/\/centredebienetreholistique.com\/wp-content\/uploads\/2014\/12\/grapesmuscatCC-100x150.jpg 100w, https:\/\/centredebienetreholistique.com\/wp-content\/uploads\/2014\/12\/grapesmuscatCC-150x225.jpg 150w, https:\/\/centredebienetreholistique.com\/wp-content\/uploads\/2014\/12\/grapesmuscatCC-300x450.jpg 300w, https:\/\/centredebienetreholistique.com\/wp-content\/uploads\/2014\/12\/grapesmuscatCC.jpg 400w\" sizes=\"(max-width: 106px) 100vw, 106px\" \/><\/a><\/p>\n<h6 style=\"text-align: center;\">(POUR LA TRADUCTION DES DOCUMENTS ANGLAIS, VOIR CI-DESSOUS, COT\u00c9 DROIT, LE LIEN DE TRADUCTION)<\/h6>\n<h6 style=\"text-align: center;\">PI\u00c8CE A<\/h6>\n<h6 style=\"text-align: center;\">Suicide and Cardiovascular Death after a Cancer Diagnosis<\/h6>\n<h6 style=\"text-align: center;\">Fang Fang, M.D., Ph.D., Katja Fall, M.D., Ph.D., Murray A. Mittleman, M.D., Dr.P.H., P\u00e4r Spar\u00e9n, Ph.D., Weimin Ye, M.D., Ph.D., Hans-Olov Adami, M.D., Ph.D., and Unnur Valdimarsd\u00f3ttir, Ph.D. N<\/h6>\n<h6 style=\"text-align: center;\">Engl J Med 2012; 366:1310-1318 \u00a0(April 5, 2012)<\/h6>\n<h6 style=\"text-align: center;\">\u00a0Abstract<\/h6>\n<h6 style=\"text-align: center;\">Receiving a diagnosis of cancer is a traumatic experience that may trigger immediate adverse health consequences beyond the effects of the disease or treatment.<\/h6>\n<h6 style=\"text-align: center;\">\u00a0METHODS Using Poisson and negative binomial regression models, we conducted a historical cohort study involving 6,073,240 Swedes to examine the associations between a cancer diagnosis and the immediate risk of suicide or death from cardiovascular causes from 1991 through 2006. To adjust for unmeasured confounders, we also performed a nested, self-matched case-crossover analysis among all patients with cancer who died from suicide or cardiovascular diseases in the cohort.<\/h6>\n<h6 style=\"text-align: center;\">RESULTS As compared with cancer-free persons, the relative risk of suicide among patients receiving a cancer diagnosis was 12.6 (95% confidence interval [CI], 8.6 to 17.8) during the first week (29 patients; incidence rate, 2.50 per 1000 person-years) and 3.1 (95% CI, 2.7 to 3.5) during the first year (260 patients; incidence rate, 0.60 per 1000 person-years).<\/h6>\n<h6 style=\"text-align: center;\">The relative risk of cardiovascular death after diagnosis was 5.6 (95% CI, 5.2 to 5.9) during the first week (1318 patients; incidence rate, 116.80 per 1000 person-years) and 3.3 (95% CI, 3.1 to 3.4) during the first 4 weeks (2641 patients; incidence rate, 65.81 per 1000 person-years).<\/h6>\n<h6 style=\"text-align: center;\">The risk elevations decreased rapidly during the first year after diagnosis. Increased risk was particularly prominent for cancers with a poor prognosis. The case-crossover analysis largely confirmed results from the main analysis.<\/h6>\n<h6 style=\"text-align: center;\">CONCLUSIONS In this large cohort study, patients who had recently received a cancer diagnosis had increased risks of both suicide and death from cardiovascular causes, as compared with cancer-free persons. (Funded by the Swedish Council for Working Life and Social Research and others.) \u00a0<a href=\"http:\/\/www.nejm.org\/doi\/full\/10.1056\/NEJMoa1110307\"> (Source)<\/a><\/h6>\n<h6 style=\"text-align: center;\">PIECE B<\/h6>\n<h6 style=\"text-align: center;\">Bull Acad Natl Med. 2011 Oct;195(7):1465-76.<\/h6>\n<h6 style=\"text-align: center;\">The placebo mystery or neurobiology of the soul.<\/h6>\n<h6 style=\"text-align: center;\">Lemoine P<\/h6>\n<h6 style=\"text-align: center;\">Abstract<\/h6>\n<h6 style=\"text-align: center;\">The &#8220;placebo&#8221; concept started with Saint Jerome&#8217;s mistranslation of the first word of the ninth line of Psalm 116: instead of &#8220;I will walk before the Lord&#8221;, he wrote &#8220;I will please the Lord&#8221; (Placebo Domino instead of ambulabo coram Domino). The placebo story is filled with quiproquos, mistakes and abuses. After many avatars, the placebo notion became firmly linked to medicine, and especially pharmacology. Nowadays, all new treatments are required to have proved their efficacy in randomized, placebo-controlled, double-blind trials. After a plethora of hypotheses based on psychology, behavorism, ethology, anthropology and sociology, proposing mechanisms of action based on patients&#8217; suggestibility and expectations induced by doctors&#8217; enthusiasm and beliefs, the past two decades have seen several new findings focusing on pharmacobiological phenomena. Animal studies provide fascinating information on immunological mechanisms and cancer outcomes in conditions of stress and pain. Placebo and nocebo mechanisms are now explained in terms of pain, endorphins, cholecystokinin and dopamine system activation, and possibly inflammation control. PET scans have been used to investigate these effects in depression and Parkinson&#8217;s disease. A role of genetic mechanisms is also emerging in the field of placebo neurobiology. In fact, the placebo effect might simply result from the medical art. Further studies are needed to maximize the placebo effect and to make it more consistent.<\/h6>\n<h6 style=\"text-align: center;\">PI\u00c8CE C<\/h6>\n<h6 style=\"text-align: center;\">Prev Med. 1997 Sep-Oct;26(5 Pt 1):616-21.<\/h6>\n<h6 style=\"text-align: center;\">Nocebo: the power of suggestibility.<\/h6>\n<h6 style=\"text-align: center;\">Spiegel H<\/h6>\n<h6 style=\"text-align: center;\">Abstract<\/h6>\n<h6 style=\"text-align: center;\">A useful way to summarize the placebo-nocebo theme is to consider the tension and interaction between conviction and responsibility. With the conviction of the mainstream biomedical paradigm prevalent today, it would be tempting to say to Dr. Engel&#8217;s patient: &#8220;That question is nonsense. Cancer pain is not classified as &#8216;male&#8217; or &#8216;female.&#8217; Pain varies with location in the body and other factors.&#8221; This response is technically honest but, in effect, it would have the impact of a nocebo. It would impair the patient&#8217;s hope and morale. The doctor&#8217;s honesty and conviction would serve as blinders to the patient&#8217;s suffering. This type of honest statement results in a diminished sense of responsibility for the patient&#8217;s well-being. Taking the biopsychosocial context into account, Dr. Engel achieved a balance between conviction and responsibility. The patient&#8217;s question was understood within the meaning and metaphorical terms of her belief system. He answered in a manner that respected her private point of view toward pain and tapped her suggestibility, guiding her toward a probable placebo effect. &#8220;Female cancer&#8221; resonated with her personal beliefs and wish for less pain. Engel was both true to his convictions and responsible for providing the highest standard of care by understanding the patient&#8217;s convictions and needs for comfort. The biopsychosocial concept provides a blueprint to bring the old-fashioned medical art of &#8220;humanness&#8221; to modern scientific care. Identifying the interactions of the problem, the person, and the totality of resources permits a focus on therapeutic strategies to promote placebo effects and prevent the consequences of nocebo.<\/h6>\n<figure id=\"attachment_31\" aria-describedby=\"caption-attachment-31\" style=\"width: 225px\" class=\"wp-caption aligncenter\"><a href=\"https:\/\/centredebienetreholistique.com\/wp-content\/uploads\/2014\/12\/boudhamaison.jpg\"><img data-attachment-id=\"31\" data-permalink=\"https:\/\/centredebienetreholistique.com\/?attachment_id=31\" data-orig-file=\"https:\/\/centredebienetreholistique.com\/wp-content\/uploads\/2014\/12\/boudhamaison.jpg\" data-orig-size=\"231,308\" data-comments-opened=\"1\" data-image-meta=\"{&quot;aperture&quot;:&quot;2.8&quot;,&quot;credit&quot;:&quot;&quot;,&quot;camera&quot;:&quot;DMC-FX12&quot;,&quot;caption&quot;:&quot;&quot;,&quot;created_timestamp&quot;:&quot;1290823258&quot;,&quot;copyright&quot;:&quot;&quot;,&quot;focal_length&quot;:&quot;5.8&quot;,&quot;iso&quot;:&quot;100&quot;,&quot;shutter_speed&quot;:&quot;0.033333333333333&quot;,&quot;title&quot;:&quot;&quot;}\" data-image-title=\"boudhamaison\" data-image-description=\"\" data-image-caption=\"&lt;p&gt;La th\u00e9rapie du hug en plein effervescence coronavirus&lt;\/p&gt;\n\" data-medium-file=\"https:\/\/centredebienetreholistique.com\/wp-content\/uploads\/2014\/12\/boudhamaison-225x300.jpg\" data-large-file=\"https:\/\/centredebienetreholistique.com\/wp-content\/uploads\/2014\/12\/boudhamaison.jpg\" decoding=\"async\" loading=\"lazy\" class=\"size-medium wp-image-31\" src=\"https:\/\/centredebienetreholistique.com\/wp-content\/uploads\/2014\/12\/boudhamaison-225x300.jpg\" alt=\"Salutation bouddhique, salle de m\u00e9ditation\" width=\"225\" height=\"300\" srcset=\"https:\/\/centredebienetreholistique.com\/wp-content\/uploads\/2014\/12\/boudhamaison-225x300.jpg 225w, https:\/\/centredebienetreholistique.com\/wp-content\/uploads\/2014\/12\/boudhamaison-100x133.jpg 100w, https:\/\/centredebienetreholistique.com\/wp-content\/uploads\/2014\/12\/boudhamaison-150x200.jpg 150w, https:\/\/centredebienetreholistique.com\/wp-content\/uploads\/2014\/12\/boudhamaison-200x266.jpg 200w, https:\/\/centredebienetreholistique.com\/wp-content\/uploads\/2014\/12\/boudhamaison.jpg 231w\" sizes=\"(max-width: 225px) 100vw, 225px\" \/><\/a><figcaption id=\"caption-attachment-31\" class=\"wp-caption-text\">Salutation bouddhique, peinture murale du <a href=\"https:\/\/centredebienetreholistique.com\">Centre de M\u00e9decine Holistique<\/a><\/figcaption><\/figure>\n<h6 style=\"text-align: center;\">Copyright (c) 2015 \u00a0Centre de M\u00e9decine Holistique et agents.<\/h6>\n<h6 style=\"text-align: center;\">Avertissement: Rien de ce poste \u00e9ducatif ou de ce site peut \u00eatre traduit comme un avis m\u00e9dical. Il appartient \u00e0 chacun et \u00e0 chacune de dialoguer avec leur m\u00e9decins et professionels de sant\u00e9 sur toutes les options en la mati\u00e8re ainsi que sur la science y aff\u00e9rente, sinon il n&#8217;y a pas de consentement \u00e9clair\u00e9 et le m\u00e9decin qui ne parlerait pas des derni\u00e8re d\u00e9couvertes en Science et des \u00a0meilleures options cr\u00e9dibles serait responsable de faute m\u00e9dicale ainsi que, subsidiairement, l&#8217;Etat (pour avoir omis de reconnaitre la m\u00e9decine holistique et la science innovante).<\/h6>\n","protected":false},"excerpt":{"rendered":"<p>Outre d&#8217;autres \u00e9l\u00e9ments de la sant\u00e9 holistique, tel l&#8217;\u00e9nerg\u00e9tique, le micro-environnement, la biophysique, &#8220;l&#8217;aspect l&#8217;musculo-skeletal&#8221;,\u00a0la biochimie (ce qui comprend la nutrition clinique, la phytoth\u00e9rapie et l&#8217;hydroth\u00e9rapie), le chamanisme, l&#8217;\u00e9pig\u00e9n\u00e9tique et plus d&#8217;une douzaine d&#8217;autres \u00e9l\u00e9ments qui sont enseign\u00e9s au\u00a0Centre de &hellip;<\/p>\n<p class=\"read-more\"> <a class=\"more-link\" href=\"https:\/\/centredebienetreholistique.com\/?p=984\"> <span class=\"screen-reader-text\">L&#8217;esprit de la M\u00e9decine Holistique et de son Centre Pyr\u00e9n\u00e9en<\/span> Read More &raquo;<\/a><\/p>\n","protected":false},"author":1,"featured_media":0,"comment_status":"open","ping_status":"open","sticky":false,"template":"","format":"standard","meta":{"_jetpack_newsletter_access":"","footnotes":""},"categories":[1],"tags":[],"jetpack_featured_media_url":"","jetpack_sharing_enabled":true,"jetpack_shortlink":"https:\/\/wp.me\/p4FfFc-fS","jetpack_likes_enabled":true,"jetpack-related-posts":[{"id":1065,"url":"https:\/\/centredebienetreholistique.com\/?p=1065","url_meta":{"origin":984,"position":0},"title":"L&#8217;Art Th\u00e9rapie, fondement de la M\u00e9decine Holistique: Hommage \u00e0 Alex Grey","author":"centredebienetreholistique","date":"January 2, 2016","format":false,"excerpt":"[ultimatecarousels][carouselsimages]http:\/\/centredebienetreholistique.com\/wp-content\/uploads\/2016\/01\/Screen-Shot-2015-12-29-at-10.17.43-AM.png[\/carouselsimages][carouselsimages]http:\/\/centredebienetreholistique.com\/wp-content\/uploads\/2016\/01\/Screen-Shot-2015-12-29-at-10.37.52-AM.png[\/carouselsimages][carouselsimages]http:\/\/centredebienetreholistique.com\/wp-content\/uploads\/2016\/01\/Screen-Shot-2016-01-02-at-12.23.40-PM.png[\/carouselsimages][carouselsimages]http:\/\/centredebienetreholistique.com\/wp-content\/uploads\/2016\/01\/Screen-Shot-2015-12-29-at-10.39.02-AM.png[\/carouselsimages][carouselsimages]http:\/\/centredebienetreholistique.com\/wp-content\/uploads\/2016\/01\/Screen-Shot-2016-01-02-at-12.25.18-PM.png[\/carouselsimages][\/ultimatecarousels] L'art d'Alex Grey est fond\u00e9 sur l'anatomie m\u00e9dicale et les \u00e9nergies subtiles de gu\u00e9rison, gra\u00e7e \u00e0 quoi l'on peut voir l'ossature, les vaisseaux sanguins, lymphes m\u00e9lang\u00e9s aux hautes fr\u00e9quences \u00e9nerg\u00e9tiques et reflets de la lumi\u00e8re, \u00e0 l'instar de l'oeuvre de Matisse.\u00a0 L'art th\u00e9rapie utilise l'art comme moyen de se\u2026","rel":"","context":"Similar post","block_context":{"text":"Similar post","link":""},"img":{"alt_text":"","src":"https:\/\/i0.wp.com\/centredebienetreholistique.com\/wp-content\/uploads\/2016\/01\/Screen-Shot-2016-01-02-at-10.07.54-PM.png?resize=350%2C200","width":350,"height":200},"classes":[]},{"id":11632,"url":"https:\/\/centredebienetreholistique.com\/?p=11632","url_meta":{"origin":984,"position":1},"title":"Poste Scriptum sur l&#8217;Election Pr\u00e9sidentielle 2022","author":"centredebienetreholistique","date":"July 14, 2021","format":false,"excerpt":"Pour celles et ceux qui souhaiteraient que je confronte et d\u00e9masque directement les abus, les insuffisances et les erreurs du Pr\u00e9sident Macron et ses experts aux prochaines \u00e9lections, dite le moi via la Page M\u00e9decine Holistic de Facebook, Pour nous\u00a0suivre sur Facebook S'il y a assez de soutien, je ferais\u2026","rel":"","context":"Similar post","block_context":{"text":"Similar post","link":""},"img":{"alt_text":"","src":"https:\/\/i0.wp.com\/centredebienetreholistique.com\/wp-content\/uploads\/2015\/06\/Screen-Shot-2015-06-10-at-10.06.32-PM-300x271.png?resize=350%2C200","width":350,"height":200},"classes":[]},{"id":1048,"url":"https:\/\/centredebienetreholistique.com\/?p=1048","url_meta":{"origin":984,"position":2},"title":"La Hug Th\u00e9rapie, productrice d&#8217;ocytocine et d&#8217;anandamide, fait partie de la M\u00e9decine Holistique","author":"centredebienetreholistique","date":"December 26, 2015","format":false,"excerpt":"En mettant en oeuvre la \"hug therapy\", (ie, th\u00e9rapie de l'accolade, de l'\u00e9treinte), des scientifiques universitaires am\u00e9ricains ont d\u00e9montr\u00e9 que\u00a0l'hormone ocytocine (1) se mobilise en actionnant les r\u00e9cepteurs de notre syst\u00e8me endocannabinoidal, tout en vivifiant une autre mol\u00e9cule qui s'appelle la \u201cbliss molecule\u201d ou l'anandamide. (2) Ce faisant, les sentiments\u2026","rel":"","context":"Similar post","block_context":{"text":"Similar post","link":""},"img":{"alt_text":"","src":"","width":0,"height":0},"classes":[]},{"id":11685,"url":"https:\/\/centredebienetreholistique.com\/?p=11685","url_meta":{"origin":984,"position":3},"title":"La Politique vaccinale obligatoire n&#8217;est pas conforme \u00e0 l&#8217;\u00e9thique m\u00e9dicale ni au Droit","author":"centredebienetreholistique","date":"July 14, 2021","format":false,"excerpt":"Le forcing vaccinal n'est pas conforme ni \u00e0 l'int\u00e9r\u00eat g\u00e9n\u00e9ral de la Nation et encore moins au Droit et ce d'autant qu'il y a des alternatives cr\u00e9dibles et sup\u00e9rieures. Cette section comporte une analyse assez d\u00e9taill\u00e9e qui sera incluse dans le ebook en gestation. Pour l'instant, vu qu'aujourd'hui on est\u2026","rel":"","context":"Similar post","block_context":{"text":"Similar post","link":""},"img":{"alt_text":"","src":"","width":0,"height":0},"classes":[]},{"id":1246,"url":"https:\/\/centredebienetreholistique.com\/?p=1246","url_meta":{"origin":984,"position":4},"title":"La vaccination vue au travers du prisme du microbiome, de la science et de la m\u00e9decine holistique.","author":"centredebienetreholistique","date":"July 11, 2016","format":false,"excerpt":"Suite \u00e0 la radiation de toute \u00e9vidence abusive d'Henri Joyeux, professeur de canc\u00e9rologie, par le Conseil National de l'Ordre des M\u00e9decins, (cr\u00e9e par l'Etat de Vichy), je viens d'\u00e9couter une partie du d\u00e9bat vaccin fran\u00e7ais et je constate plusieurs carences par rapport aux d\u00e9bats scientifiques am\u00e9ricains. LE D\u00c9BAT SCIENTIFIQUE AM\u00c9RICAIN\u2026","rel":"","context":"Similar post","block_context":{"text":"Similar post","link":""},"img":{"alt_text":"","src":"","width":0,"height":0},"classes":[]},{"id":2973,"url":"https:\/\/centredebienetreholistique.com\/?p=2973","url_meta":{"origin":984,"position":5},"title":"Atelier &#8220;immunit\u00e9, pand\u00e9mies et COVID 19&#8221; du Stage d&#8217;\u00e9t\u00e9 sur la Long\u00e9vit\u00e9 Optimale","author":"centredebienetreholistique","date":"March 28, 2020","format":false,"excerpt":"Descriptif de l'Atelier Cet \u00e9t\u00e9, si tout se passe bien et si nous avions assez de stagiaires, le Centre de bien-entre holistique enseignera un atelier \"immunit\u00e9 et pand\u00e9mie\". Dams cette perspective, \u00a0plusieurs protocoles holistiques qui peuvent avoir raison du SARS COV-2 et d'autres virus seront analys\u00e9s. On \u00e9tudiera aussi les\u2026","rel":"","context":"Similar post","block_context":{"text":"Similar post","link":""},"img":{"alt_text":"","src":"","width":0,"height":0},"classes":[]}],"_links":{"self":[{"href":"https:\/\/centredebienetreholistique.com\/index.php?rest_route=\/wp\/v2\/posts\/984"}],"collection":[{"href":"https:\/\/centredebienetreholistique.com\/index.php?rest_route=\/wp\/v2\/posts"}],"about":[{"href":"https:\/\/centredebienetreholistique.com\/index.php?rest_route=\/wp\/v2\/types\/post"}],"author":[{"embeddable":true,"href":"https:\/\/centredebienetreholistique.com\/index.php?rest_route=\/wp\/v2\/users\/1"}],"replies":[{"embeddable":true,"href":"https:\/\/centredebienetreholistique.com\/index.php?rest_route=%2Fwp%2Fv2%2Fcomments&post=984"}],"version-history":[{"count":16,"href":"https:\/\/centredebienetreholistique.com\/index.php?rest_route=\/wp\/v2\/posts\/984\/revisions"}],"predecessor-version":[{"id":2887,"href":"https:\/\/centredebienetreholistique.com\/index.php?rest_route=\/wp\/v2\/posts\/984\/revisions\/2887"}],"wp:attachment":[{"href":"https:\/\/centredebienetreholistique.com\/index.php?rest_route=%2Fwp%2Fv2%2Fmedia&parent=984"}],"wp:term":[{"taxonomy":"category","embeddable":true,"href":"https:\/\/centredebienetreholistique.com\/index.php?rest_route=%2Fwp%2Fv2%2Fcategories&post=984"},{"taxonomy":"post_tag","embeddable":true,"href":"https:\/\/centredebienetreholistique.com\/index.php?rest_route=%2Fwp%2Fv2%2Ftags&post=984"}],"curies":[{"name":"wp","href":"https:\/\/api.w.org\/{rel}","templated":true}]}}