{"id":4034,"date":"2020-06-06T12:02:57","date_gmt":"2020-06-06T12:02:57","guid":{"rendered":"http:\/\/centredebienetreholistique.com\/?p=4034"},"modified":"2020-06-15T23:15:58","modified_gmt":"2020-06-15T23:15:58","slug":"la-politique-du-confinement-est-injustifiee-et-fondee-sur-une-ideologie-dangereuse-analyse-des-faits","status":"publish","type":"post","link":"https:\/\/centredebienetreholistique.com\/?p=4034","title":{"rendered":"Une analyse holistique des faits sugg\u00e8re que la Politique du Confinement  \u00e9tait injustifi\u00e9e"},"content":{"rendered":"","protected":true},"excerpt":{"rendered":"","protected":true},"author":1,"featured_media":0,"comment_status":"open","ping_status":"open","sticky":false,"template":"","format":"standard","meta":{"_jetpack_newsletter_access":"","footnotes":""},"categories":[1],"tags":[],"jetpack_featured_media_url":"","jetpack_sharing_enabled":true,"jetpack_shortlink":"https:\/\/wp.me\/p4FfFc-134","jetpack_likes_enabled":true,"jetpack-related-posts":[{"id":3242,"url":"https:\/\/centredebienetreholistique.com\/?p=3242","url_meta":{"origin":4034,"position":0},"title":"D\u00e9confinement: Calendrier","author":"centredebienetreholistique","date":"May 2, 2020","format":false,"excerpt":"Le premier ministre, Edouard Philippe, a annonc\u00e9, mardi 28\u00a0avril, la strat\u00e9gie nationale de sortie du confinement \u00e0 l\u2019Assembl\u00e9e nationale, comme il s\u2019y \u00e9tait engag\u00e9. La premi\u00e8re phase de ce plan s\u2019\u00e9talera du lundi 11\u00a0mai au lundi 1er\u00a0juin. Si l\u2019\u00e9pid\u00e9mie continue de ralentir au rythme esp\u00e9r\u00e9 par les autorit\u00e9s, la seconde\u2026","rel":"","context":"Similar post","block_context":{"text":"Similar post","link":""},"img":{"alt_text":"","src":"","width":0,"height":0},"classes":[]},{"id":2973,"url":"https:\/\/centredebienetreholistique.com\/?p=2973","url_meta":{"origin":4034,"position":1},"title":"Atelier &#8220;immunit\u00e9, pand\u00e9mies et COVID 19&#8221; du Stage d&#8217;\u00e9t\u00e9 sur la Long\u00e9vit\u00e9 Optimale","author":"centredebienetreholistique","date":"March 28, 2020","format":false,"excerpt":"Descriptif de l'Atelier Cet \u00e9t\u00e9, si tout se passe bien et si nous avions assez de stagiaires, le Centre de bien-entre holistique enseignera un atelier \"immunit\u00e9 et pand\u00e9mie\". Dams cette perspective, \u00a0plusieurs protocoles holistiques qui peuvent avoir raison du SARS COV-2 et d'autres virus seront analys\u00e9s. On \u00e9tudiera aussi les\u2026","rel":"","context":"Similar post","block_context":{"text":"Similar post","link":""},"img":{"alt_text":"","src":"","width":0,"height":0},"classes":[]},{"id":12296,"url":"https:\/\/centredebienetreholistique.com\/?p=12296","url_meta":{"origin":4034,"position":2},"title":"Le Secteur du Cannabis, fond\u00e9 sur une science robuste, va bient\u00f4t approcher 60 milliards de dollars l\u00e9gitimes en Am\u00e9rique: Pourquoi un tel manquement et-ou aveuglement parmi les autorit\u00e9s fran\u00e7aises ?","author":"centredebienetreholistique","date":"October 5, 2021","format":false,"excerpt":"D\u2019ici 2027, le secteur du cannabis pourrait valoir 57 milliards de dollars. Voici comment en profiter Au cours des derni\u00e8res ann\u00e9es, le monde a appris \u00e0 conna\u00eetre le cannabis et ses qualit\u00e9s m\u00e9dicinales. Des recherches ont \u00e9t\u00e9 men\u00e9es et document\u00e9es sur la contribution du cannabis au soulagement de la douleur,\u2026","rel":"","context":"Similar post","block_context":{"text":"Similar post","link":""},"img":{"alt_text":"","src":"","width":0,"height":0},"classes":[]},{"id":1267,"url":"https:\/\/centredebienetreholistique.com\/?p=1267","url_meta":{"origin":4034,"position":3},"title":"Le pamplemousse peut \u00eatre b\u00e9n\u00e9fique pour la r\u00e9paration des mutations g\u00e9n\u00e9tiques, le cancer, maladies m\u00e9taboliques et le vieillissement pr\u00e9coce de la peau","author":"centredebienetreholistique","date":"August 12, 2016","format":false,"excerpt":"Dans ce post, je passerais en revue quelques preuves qui confirment que le pamplemousse contient des mol\u00e9cules qui sont capables \u00a0de r\u00e9parer plusieurs types de mutations g\u00e9n\u00e9tiques \u00a0(SECTION A), \u00a0de combattre le cancer\u00a0(SECTION B)\u00a0ainsi que plusieurs d\u00e9sordres m\u00e9taboliques et le vieillissement pr\u00e9coce de la peau\u00a0(SECTION C). SECTION A R\u00c9PARATION DES\u2026","rel":"","context":"Similar post","block_context":{"text":"Similar post","link":""},"img":{"alt_text":"","src":"","width":0,"height":0},"classes":[]},{"id":11685,"url":"https:\/\/centredebienetreholistique.com\/?p=11685","url_meta":{"origin":4034,"position":4},"title":"La Politique vaccinale obligatoire n&#8217;est pas conforme \u00e0 l&#8217;\u00e9thique m\u00e9dicale ni au Droit","author":"centredebienetreholistique","date":"July 14, 2021","format":false,"excerpt":"Le forcing vaccinal n'est pas conforme ni \u00e0 l'int\u00e9r\u00eat g\u00e9n\u00e9ral de la Nation et encore moins au Droit et ce d'autant qu'il y a des alternatives cr\u00e9dibles et sup\u00e9rieures. Cette section comporte une analyse assez d\u00e9taill\u00e9e qui sera incluse dans le ebook en gestation. Pour l'instant, vu qu'aujourd'hui on est\u2026","rel":"","context":"Similar post","block_context":{"text":"Similar post","link":""},"img":{"alt_text":"","src":"","width":0,"height":0},"classes":[]},{"id":1246,"url":"https:\/\/centredebienetreholistique.com\/?p=1246","url_meta":{"origin":4034,"position":5},"title":"La vaccination vue au travers du prisme du microbiome, de la science et de la m\u00e9decine holistique.","author":"centredebienetreholistique","date":"July 11, 2016","format":false,"excerpt":"Suite \u00e0 la radiation de toute \u00e9vidence abusive d'Henri Joyeux, professeur de canc\u00e9rologie, par le Conseil National de l'Ordre des M\u00e9decins, (cr\u00e9e par l'Etat de Vichy), je viens d'\u00e9couter une partie du d\u00e9bat vaccin fran\u00e7ais et je constate plusieurs carences par rapport aux d\u00e9bats scientifiques am\u00e9ricains. LE D\u00c9BAT SCIENTIFIQUE AM\u00c9RICAIN\u2026","rel":"","context":"Similar post","block_context":{"text":"Similar post","link":""},"img":{"alt_text":"","src":"","width":0,"height":0},"classes":[]}],"_links":{"self":[{"href":"https:\/\/centredebienetreholistique.com\/index.php?rest_route=\/wp\/v2\/posts\/4034"}],"collection":[{"href":"https:\/\/centredebienetreholistique.com\/index.php?rest_route=\/wp\/v2\/posts"}],"about":[{"href":"https:\/\/centredebienetreholistique.com\/index.php?rest_route=\/wp\/v2\/types\/post"}],"author":[{"embeddable":true,"href":"https:\/\/centredebienetreholistique.com\/index.php?rest_route=\/wp\/v2\/users\/1"}],"replies":[{"embeddable":true,"href":"https:\/\/centredebienetreholistique.com\/index.php?rest_route=%2Fwp%2Fv2%2Fcomments&post=4034"}],"version-history":[{"count":9,"href":"https:\/\/centredebienetreholistique.com\/index.php?rest_route=\/wp\/v2\/posts\/4034\/revisions"}],"predecessor-version":[{"id":4404,"href":"https:\/\/centredebienetreholistique.com\/index.php?rest_route=\/wp\/v2\/posts\/4034\/revisions\/4404"}],"wp:attachment":[{"href":"https:\/\/centredebienetreholistique.com\/index.php?rest_route=%2Fwp%2Fv2%2Fmedia&parent=4034"}],"wp:term":[{"taxonomy":"category","embeddable":true,"href":"https:\/\/centredebienetreholistique.com\/index.php?rest_route=%2Fwp%2Fv2%2Fcategories&post=4034"},{"taxonomy":"post_tag","embeddable":true,"href":"https:\/\/centredebienetreholistique.com\/index.php?rest_route=%2Fwp%2Fv2%2Ftags&post=4034"}],"curies":[{"name":"wp","href":"https:\/\/api.w.org\/{rel}","templated":true}]}}