{"id":3336,"date":"2020-05-11T09:17:44","date_gmt":"2020-05-11T09:17:44","guid":{"rendered":"http:\/\/centredebienetreholistique.com\/?p=3336"},"modified":"2020-05-11T09:17:44","modified_gmt":"2020-05-11T09:17:44","slug":"pandemies-prognostiques-tout-les-dix-ans","status":"publish","type":"post","link":"https:\/\/centredebienetreholistique.com\/?p=3336","title":{"rendered":"Pand\u00e9mies Prognostiques: Tout les dix ans ?"},"content":{"rendered":"","protected":true},"excerpt":{"rendered":"","protected":true},"author":1,"featured_media":0,"comment_status":"open","ping_status":"open","sticky":false,"template":"","format":"standard","meta":{"_jetpack_newsletter_access":"","footnotes":""},"categories":[1],"tags":[],"jetpack_featured_media_url":"","jetpack_sharing_enabled":true,"jetpack_shortlink":"https:\/\/wp.me\/p4FfFc-RO","jetpack_likes_enabled":true,"jetpack-related-posts":[{"id":9888,"url":"https:\/\/centredebienetreholistique.com\/?p=9888","url_meta":{"origin":3336,"position":0},"title":"Vis medicatrix naturae et la M\u00e9decine du Shinrin-Yoku (Forest Bathing) au Centre M\u00e9diterran\u00e9en Holistique","author":"centredebienetreholistique","date":"April 28, 2021","format":false,"excerpt":"Plusieurs \u00e9tudes publi\u00e9es dans des journaux scientifiques reconnus ont montr\u00e9 que les terpenes et phytoncides \u00a0(huiles essentielles des forets, en particulier les\u00a0isoprenes, alpha-pinenes, et beta-pinenes) ainsi que microbes et virus et leurs m\u00e9tabolites dans l'air (1)\u00a0des forets biodiversif\u00e9es impactent de fa\u00e7on th\u00e9rapeutique (quantifiable) la sant\u00e9 humaine, y compris en mati\u00e8re\u2026","rel":"","context":"Similar post","block_context":{"text":"Similar post","link":""},"img":{"alt_text":"","src":"","width":0,"height":0},"classes":[]},{"id":984,"url":"https:\/\/centredebienetreholistique.com\/?p=984","url_meta":{"origin":3336,"position":1},"title":"L&#8217;esprit de la M\u00e9decine Holistique et de son Centre Pyr\u00e9n\u00e9en","author":"centredebienetreholistique","date":"November 5, 2015","format":false,"excerpt":"Outre d'autres \u00e9l\u00e9ments de la sant\u00e9 holistique, tel l'\u00e9nerg\u00e9tique, le micro-environnement, la biophysique, \"l'aspect l'musculo-skeletal\",\u00a0la biochimie (ce qui comprend la nutrition clinique, la phytoth\u00e9rapie et l'hydroth\u00e9rapie), le chamanisme, l'\u00e9pig\u00e9n\u00e9tique et plus d'une douzaine d'autres \u00e9l\u00e9ments qui sont enseign\u00e9s au\u00a0Centre de M\u00e9decine Holistique, \u00a0ainsi que dans d'autres Centres de la m\u00e9decine\u2026","rel":"","context":"Similar post","block_context":{"text":"Similar post","link":""},"img":{"alt_text":"","src":"https:\/\/i0.wp.com\/centredebienetreholistique.com\/wp-content\/uploads\/2014\/12\/boudhamaison-225x300.jpg?resize=350%2C200","width":350,"height":200},"classes":[]},{"id":1246,"url":"https:\/\/centredebienetreholistique.com\/?p=1246","url_meta":{"origin":3336,"position":2},"title":"La vaccination vue au travers du prisme du microbiome, de la science et de la m\u00e9decine holistique.","author":"centredebienetreholistique","date":"July 11, 2016","format":false,"excerpt":"Suite \u00e0 la radiation de toute \u00e9vidence abusive d'Henri Joyeux, professeur de canc\u00e9rologie, par le Conseil National de l'Ordre des M\u00e9decins, (cr\u00e9e par l'Etat de Vichy), je viens d'\u00e9couter une partie du d\u00e9bat vaccin fran\u00e7ais et je constate plusieurs carences par rapport aux d\u00e9bats scientifiques am\u00e9ricains. LE D\u00c9BAT SCIENTIFIQUE AM\u00c9RICAIN\u2026","rel":"","context":"Similar post","block_context":{"text":"Similar post","link":""},"img":{"alt_text":"","src":"","width":0,"height":0},"classes":[]},{"id":3242,"url":"https:\/\/centredebienetreholistique.com\/?p=3242","url_meta":{"origin":3336,"position":3},"title":"D\u00e9confinement: Calendrier","author":"centredebienetreholistique","date":"May 2, 2020","format":false,"excerpt":"Le premier ministre, Edouard Philippe, a annonc\u00e9, mardi 28\u00a0avril, la strat\u00e9gie nationale de sortie du confinement \u00e0 l\u2019Assembl\u00e9e nationale, comme il s\u2019y \u00e9tait engag\u00e9. La premi\u00e8re phase de ce plan s\u2019\u00e9talera du lundi 11\u00a0mai au lundi 1er\u00a0juin. Si l\u2019\u00e9pid\u00e9mie continue de ralentir au rythme esp\u00e9r\u00e9 par les autorit\u00e9s, la seconde\u2026","rel":"","context":"Similar post","block_context":{"text":"Similar post","link":""},"img":{"alt_text":"","src":"","width":0,"height":0},"classes":[]}],"_links":{"self":[{"href":"https:\/\/centredebienetreholistique.com\/index.php?rest_route=\/wp\/v2\/posts\/3336"}],"collection":[{"href":"https:\/\/centredebienetreholistique.com\/index.php?rest_route=\/wp\/v2\/posts"}],"about":[{"href":"https:\/\/centredebienetreholistique.com\/index.php?rest_route=\/wp\/v2\/types\/post"}],"author":[{"embeddable":true,"href":"https:\/\/centredebienetreholistique.com\/index.php?rest_route=\/wp\/v2\/users\/1"}],"replies":[{"embeddable":true,"href":"https:\/\/centredebienetreholistique.com\/index.php?rest_route=%2Fwp%2Fv2%2Fcomments&post=3336"}],"version-history":[{"count":1,"href":"https:\/\/centredebienetreholistique.com\/index.php?rest_route=\/wp\/v2\/posts\/3336\/revisions"}],"predecessor-version":[{"id":3337,"href":"https:\/\/centredebienetreholistique.com\/index.php?rest_route=\/wp\/v2\/posts\/3336\/revisions\/3337"}],"wp:attachment":[{"href":"https:\/\/centredebienetreholistique.com\/index.php?rest_route=%2Fwp%2Fv2%2Fmedia&parent=3336"}],"wp:term":[{"taxonomy":"category","embeddable":true,"href":"https:\/\/centredebienetreholistique.com\/index.php?rest_route=%2Fwp%2Fv2%2Fcategories&post=3336"},{"taxonomy":"post_tag","embeddable":true,"href":"https:\/\/centredebienetreholistique.com\/index.php?rest_route=%2Fwp%2Fv2%2Ftags&post=3336"}],"curies":[{"name":"wp","href":"https:\/\/api.w.org\/{rel}","templated":true}]}}