{"id":3314,"date":"2020-05-10T14:17:02","date_gmt":"2020-05-10T14:17:02","guid":{"rendered":"http:\/\/centredebienetreholistique.com\/?p=3314"},"modified":"2020-05-10T15:47:29","modified_gmt":"2020-05-10T15:47:29","slug":"lanti-confinement-de-la-suede-et-la-herd-immunity","status":"publish","type":"post","link":"https:\/\/centredebienetreholistique.com\/?p=3314","title":{"rendered":"L&#8217;anti-confinement de la Su\u00e8de et la &#8220;herd immunity&#8221;: Les Faits"},"content":{"rendered":"","protected":true},"excerpt":{"rendered":"","protected":true},"author":1,"featured_media":0,"comment_status":"open","ping_status":"open","sticky":false,"template":"","format":"standard","meta":{"_jetpack_newsletter_access":"","footnotes":""},"categories":[1],"tags":[],"jetpack_featured_media_url":"","jetpack_sharing_enabled":true,"jetpack_shortlink":"https:\/\/wp.me\/p4FfFc-Rs","jetpack_likes_enabled":true,"jetpack-related-posts":[{"id":2973,"url":"https:\/\/centredebienetreholistique.com\/?p=2973","url_meta":{"origin":3314,"position":0},"title":"Atelier &#8220;immunit\u00e9, pand\u00e9mies et COVID 19&#8221; du Stage d&#8217;\u00e9t\u00e9 sur la Long\u00e9vit\u00e9 Optimale","author":"centredebienetreholistique","date":"March 28, 2020","format":false,"excerpt":"Descriptif de l'Atelier Cet \u00e9t\u00e9, si tout se passe bien et si nous avions assez de stagiaires, le Centre de bien-entre holistique enseignera un atelier \"immunit\u00e9 et pand\u00e9mie\". Dams cette perspective, \u00a0plusieurs protocoles holistiques qui peuvent avoir raison du SARS COV-2 et d'autres virus seront analys\u00e9s. On \u00e9tudiera aussi les\u2026","rel":"","context":"Similar post","block_context":{"text":"Similar post","link":""},"img":{"alt_text":"","src":"","width":0,"height":0},"classes":[]},{"id":3242,"url":"https:\/\/centredebienetreholistique.com\/?p=3242","url_meta":{"origin":3314,"position":1},"title":"D\u00e9confinement: Calendrier","author":"centredebienetreholistique","date":"May 2, 2020","format":false,"excerpt":"Le premier ministre, Edouard Philippe, a annonc\u00e9, mardi 28\u00a0avril, la strat\u00e9gie nationale de sortie du confinement \u00e0 l\u2019Assembl\u00e9e nationale, comme il s\u2019y \u00e9tait engag\u00e9. La premi\u00e8re phase de ce plan s\u2019\u00e9talera du lundi 11\u00a0mai au lundi 1er\u00a0juin. Si l\u2019\u00e9pid\u00e9mie continue de ralentir au rythme esp\u00e9r\u00e9 par les autorit\u00e9s, la seconde\u2026","rel":"","context":"Similar post","block_context":{"text":"Similar post","link":""},"img":{"alt_text":"","src":"","width":0,"height":0},"classes":[]}],"_links":{"self":[{"href":"https:\/\/centredebienetreholistique.com\/index.php?rest_route=\/wp\/v2\/posts\/3314"}],"collection":[{"href":"https:\/\/centredebienetreholistique.com\/index.php?rest_route=\/wp\/v2\/posts"}],"about":[{"href":"https:\/\/centredebienetreholistique.com\/index.php?rest_route=\/wp\/v2\/types\/post"}],"author":[{"embeddable":true,"href":"https:\/\/centredebienetreholistique.com\/index.php?rest_route=\/wp\/v2\/users\/1"}],"replies":[{"embeddable":true,"href":"https:\/\/centredebienetreholistique.com\/index.php?rest_route=%2Fwp%2Fv2%2Fcomments&post=3314"}],"version-history":[{"count":4,"href":"https:\/\/centredebienetreholistique.com\/index.php?rest_route=\/wp\/v2\/posts\/3314\/revisions"}],"predecessor-version":[{"id":3318,"href":"https:\/\/centredebienetreholistique.com\/index.php?rest_route=\/wp\/v2\/posts\/3314\/revisions\/3318"}],"wp:attachment":[{"href":"https:\/\/centredebienetreholistique.com\/index.php?rest_route=%2Fwp%2Fv2%2Fmedia&parent=3314"}],"wp:term":[{"taxonomy":"category","embeddable":true,"href":"https:\/\/centredebienetreholistique.com\/index.php?rest_route=%2Fwp%2Fv2%2Fcategories&post=3314"},{"taxonomy":"post_tag","embeddable":true,"href":"https:\/\/centredebienetreholistique.com\/index.php?rest_route=%2Fwp%2Fv2%2Ftags&post=3314"}],"curies":[{"name":"wp","href":"https:\/\/api.w.org\/{rel}","templated":true}]}}