{"id":3242,"date":"2020-05-02T11:01:49","date_gmt":"2020-05-02T11:01:49","guid":{"rendered":"http:\/\/centredebienetreholistique.com\/?p=3242"},"modified":"2020-05-02T11:06:08","modified_gmt":"2020-05-02T11:06:08","slug":"deconfinement-calendrier","status":"publish","type":"post","link":"https:\/\/centredebienetreholistique.com\/?p=3242","title":{"rendered":"D\u00e9confinement: Calendrier"},"content":{"rendered":"<p>Le premier ministre, Edouard Philippe, a annonc\u00e9, mardi 28\u00a0avril, la strat\u00e9gie nationale de sortie du confinement \u00e0 l\u2019Assembl\u00e9e nationale, comme il s\u2019y \u00e9tait engag\u00e9. La premi\u00e8re phase de ce plan s\u2019\u00e9talera du lundi 11\u00a0mai au lundi 1<sup>er<\/sup>\u00a0juin. Si l\u2019\u00e9pid\u00e9mie continue de ralentir au rythme esp\u00e9r\u00e9 par les autorit\u00e9s, la seconde phase du plan du gouvernement pourrait entrer en vigueur le 2\u00a0juin.<\/p>\n<section class=\"article__content\" style=\"color: #000000;\">\n<p class=\"article__paragraph article__paragraph--lf\" style=\"color: #383f4e;\">4 mai<\/p>\n<div class=\"multimedia-embed snippet article__media--wide article__media--default\" style=\"color: #383f4e;\">\n<div class=\"d_x_questions\">\n<div class=\"d_x_questions_contenu\">\n<div class=\"d_principal\" style=\"color: #38374e;\">\n<div id=\"d_conteneur_elements\" class=\"d_conteneur list\">\n<div id=\"informationdesfamillessurleretouralecole\" class=\"d_element\">\n<div class=\"d_element_top\">\n<div class=\"d_element_mountain_top\">\n<div class=\"d_element_hashtags\" style=\"color: #38424c;\"><span title=\"Rechercher ce mot-cl\u00e9\">Education\u00a0<\/span><\/div>\n<\/div>\n<div class=\"d_element_title\" style=\"font-weight: 600;\">Information des familles sur le retour \u00e0 l&#8217;\u00e9cole<\/div>\n<div class=\"d_element_answer\">\n<p>Le ministre de l&#8217;\u00e9ducation Jean-Michel Blanquer s&#8217;est fix\u00e9 pour objectif que toutes les familles soient inform\u00e9es sur la r\u00e9ouverture de l&#8217;\u00e9cole primaire, du coll\u00e8ge ou du lyc\u00e9e de leurs enfants avant le 4 mai, \u00ab\u00a0soit en recevant un coup de fil de l&#8217;\u00e9ducation nationale, soit le site de l\u2019acad\u00e9mie\u00a0\u00bb.<\/p>\n<\/div>\n<\/div>\n<\/div>\n<div id=\"evaluationdeladynamiquedelepidemie\" class=\"d_element\">\n<div class=\"d_element_top\">\n<div class=\"d_element_mountain_top\">\n<div class=\"d_element_date\">7 mai<\/div>\n<div class=\"d_element_hashtags\" style=\"color: #38424c;\"><span title=\"Rechercher ce mot-cl\u00e9\">Politique sanitaire<\/span><\/div>\n<\/div>\n<div class=\"d_element_title\" style=\"font-weight: 600;\">Evaluation de la dynamique de l&#8217;\u00e9pid\u00e9mie<\/div>\n<div class=\"d_element_answer\">\n<p>Les r\u00e8gles de d\u00e9confinement seront diff\u00e9rentes selon la situation sanitaire de chaque d\u00e9partement (<em>\u00ab\u00a0rouge\u00a0\u00bb<\/em>\u00a0ou\u00a0<em>\u00ab\u00a0vert\u00a0\u00bb<\/em>). Les autorit\u00e9s s&#8217;appuyeront sur trois indicateurs pour d\u00e9cider\u00a0:<\/p>\n<ul>\n<li>le nombre de personnes contamin\u00e9es dans les sept derniers jours\u00a0;<\/li>\n<li>la tension dans les services hospitaliers ou de r\u00e9animation\u00a0;<\/li>\n<li>la capacit\u00e9 \u00e0 effectuer des tests et \u00e0 d\u00e9tecter les cha\u00eenes de contamination.<\/li>\n<\/ul>\n<p>Selon le premier ministre, la situation sera\u00a0<em>\u00ab\u00a0cristallis\u00e9e\u00a0\u00bb<\/em>au 7 mai et permettra de d\u00e9cider d&#8217;un d\u00e9confinement ou non au 11 mai.<\/p>\n<p>&nbsp;<\/p>\n<\/div>\n<\/div>\n<\/div>\n<div id=\"sortiedespersonnesagees\" class=\"d_element\">\n<div class=\"d_element_top\">\n<div class=\"d_element_mountain_top\">\n<div class=\"d_element_date\">11 mai<\/div>\n<div class=\"d_element_hashtags\" style=\"color: #38424c;\"><span title=\"Rechercher ce mot-cl\u00e9\">Vie sociale<\/span><\/div>\n<\/div>\n<div class=\"d_element_title\" style=\"font-weight: 600;\">Sortie des personnes \u00e2g\u00e9es<\/div>\n<div class=\"d_element_answer\">\n<p>Suivant un principe de\u00a0<em>\u00ab\u00a0confiance et de responsabilit\u00e9\u00a0\u00bb<\/em>, il n&#8217;y aura ni attestation ni contr\u00f4le pour les personnes \u00e2g\u00e9es, mais les visites et les sorties devront\u00a0<em>\u00ab\u00a0\u00eatre entour\u00e9es de pr\u00e9caution\u00a0\u00bb<\/em>.<\/p>\n<\/div>\n<\/div>\n<\/div>\n<div id=\"reouverturedesecolesprimaires\" class=\"d_element\">\n<div class=\"d_element_top\">\n<div class=\"d_element_mountain_top\">\n<div class=\"d_element_date\">11 mai<\/div>\n<div class=\"d_element_hashtags\" style=\"color: #38424c;\"><span title=\"Rechercher ce mot-cl\u00e9\">Education\u00a0<\/span><\/div>\n<\/div>\n<div class=\"d_element_title\" style=\"font-weight: 600;\">R\u00e9ouverture des \u00e9coles primaires<\/div>\n<div class=\"d_element_answer\">\n<p>&nbsp;<\/p>\n<p>En th\u00e9orie, la pr\u00e9-rentr\u00e9e pour les enseignants aura lieu le 11, et les \u00e9l\u00e8ves seront accueillis \u00e0 partir du 12. Mais le gouvernement souhaite laisser une \u00ab\u00a0souplesse locale\u00a0\u00bb en fonction des situations.<\/p>\n<p>Le retour en classe se fera sur la base du volontariat des parents. Les groupes seront limit\u00e9s \u00e0 15 \u00e9l\u00e8ves, accueillis dans les \u00e9coles ou les locaux p\u00e9riscolaires, avec respect des gestes barri\u00e8res, et mise \u00e0 disposition de gel hydroalcoolique.<\/p>\n<p>Les masques seront prohib\u00e9s en maternelle, pas recommand\u00e9s en \u00e9l\u00e9mentaire, sauf cas particuliers (sympt\u00f4mes d\u00e9tect\u00e9s). Tous les enseignants et encadrants devront en porter.<\/p>\n<p>&nbsp;<\/p>\n<\/div>\n<\/div>\n<\/div>\n<div id=\"reouverturedescentresdeloisir\" class=\"d_element\">\n<div class=\"d_element_top\">\n<div class=\"d_element_mountain_top\">\n<div class=\"d_element_date\">11 mai<\/div>\n<div class=\"d_element_hashtags\" style=\"color: #38424c;\"><span title=\"Rechercher ce mot-cl\u00e9\">Education\u00a0<\/span><\/div>\n<\/div>\n<div class=\"d_element_title\" style=\"font-weight: 600;\">R\u00e9ouverture des centres de loisir<\/div>\n<div class=\"d_element_answer\">\n<p>Ils pourront th\u00e9oriquement rouvrir apr\u00e8s le 11 mai si les communes ont les moyens d&#8217;assurer un accueil dans de bonnes conditions sanitaires.<\/p>\n<\/div>\n<\/div>\n<\/div>\n<div id=\"reouverturedescreches\" class=\"d_element\">\n<div class=\"d_element_top\">\n<div class=\"d_element_mountain_top\">\n<div class=\"d_element_date\">11 mai<\/div>\n<div class=\"d_element_hashtags\" style=\"color: #38424c;\"><span title=\"Rechercher ce mot-cl\u00e9\">Education\u00a0<\/span><\/div>\n<\/div>\n<div class=\"d_element_title\" style=\"font-weight: 600;\">R\u00e9ouverture des cr\u00e8ches<\/div>\n<div class=\"d_element_answer\">\n<p>Les cr\u00e8ches accueilleront des groupes de 10 enfants au maximum.<\/p>\n<p>La priorit\u00e9 sera donn\u00e9e aux enfants de familles monoparentales, de parents soignants ou enseignants, ou de parents tous deux dans l&#8217;impossibilit\u00e9 de t\u00e9l\u00e9travailler.<\/p>\n<p>Les masques seront obligatoires pour les encadrants, et non pour les enfants.<\/p>\n<p>&nbsp;<\/p>\n<\/div>\n<\/div>\n<\/div>\n<div id=\"reouverturedestransportsurbains\" class=\"d_element\">\n<div class=\"d_element_top\">\n<div class=\"d_element_mountain_top\">\n<div class=\"d_element_date\">11 mai<\/div>\n<div class=\"d_element_hashtags\" style=\"color: #38424c;\"><span title=\"Rechercher ce mot-cl\u00e9\">Transports<\/span><\/div>\n<\/div>\n<div class=\"d_element_title\" style=\"font-weight: 600;\">R\u00e9ouverture des transports urbains<\/div>\n<div class=\"d_element_answer\">\n<p>&nbsp;<\/p>\n<p>Les m\u00e9tros, bus et tramways avaient \u00e9t\u00e9 fortement limit\u00e9s pendant le confinement. Ils devraient conserver une capacit\u00e9 r\u00e9duite. Seul un si\u00e8ge sur deux sera accessible et une limitation des flux doit \u00eatre mise en place si n\u00e9c\u00e9ssaire.<\/p>\n<p>Aux heures de pointe, les transports pourraient \u00eatre r\u00e9serv\u00e9s aux personnes qui travaillent (avec un \u00e9ventuel contr\u00f4le).<\/p>\n<p>&nbsp;<\/p>\n<\/div>\n<\/div>\n<\/div>\n<div id=\"circulationdesbusscolaires\" class=\"d_element\">\n<div class=\"d_element_top\">\n<div class=\"d_element_mountain_top\">\n<div class=\"d_element_date\">11 mai<\/div>\n<div class=\"d_element_hashtags\" style=\"color: #38424c;\"><span title=\"Rechercher ce mot-cl\u00e9\">Transports<\/span><\/div>\n<\/div>\n<div class=\"d_element_title\" style=\"font-weight: 600;\">Circulation des bus scolaires<\/div>\n<div class=\"d_element_answer\">\n<p>Le port du masque sera obligatoire pour les chauffeurs et les coll\u00e9giens. Seul un si\u00e8ge sur deux sera pourvu.<\/p>\n<\/div>\n<\/div>\n<\/div>\n<div id=\"circulationentaxietvtc\" class=\"d_element\">\n<div class=\"d_element_top\">\n<div class=\"d_element_mountain_top\">\n<div class=\"d_element_date\">11 mai<\/div>\n<div class=\"d_element_hashtags\" style=\"color: #38424c;\"><span title=\"Rechercher ce mot-cl\u00e9\">Transports<\/span><\/div>\n<\/div>\n<div class=\"d_element_title\" style=\"font-weight: 600;\">Circulation en taxi et VTC<\/div>\n<div class=\"d_element_answer\">\n<p>Le port du masque sera obligatoire si le v\u00e9hicule ne dispose pas de protection en Plexiglas.<\/p>\n<\/div>\n<\/div>\n<\/div>\n<div id=\"circulationentrain\" class=\"d_element\">\n<div class=\"d_element_top\">\n<div class=\"d_element_mountain_top\">\n<div class=\"d_element_date\">11 mai<\/div>\n<div class=\"d_element_hashtags\" style=\"color: #38424c;\"><span title=\"Rechercher ce mot-cl\u00e9\">Transports<\/span><\/div>\n<\/div>\n<div class=\"d_element_title\" style=\"font-weight: 600;\">Circulation en train<\/div>\n<div class=\"d_element_answer\">\n<p>L&#8217;offre de trains grandes lignes sera toujours r\u00e9duite, la r\u00e9servation sera obligatoire dans tous les trains, TGV ou non.<\/p>\n<\/div>\n<\/div>\n<\/div>\n<div id=\"deplacementsdeplusde100km\" class=\"d_element\">\n<div class=\"d_element_top\">\n<div class=\"d_element_mountain_top\">\n<div class=\"d_element_date\">11 mai<\/div>\n<div class=\"d_element_hashtags\" style=\"color: #38424c;\"><span title=\"Rechercher ce mot-cl\u00e9\">Transports<\/span><\/div>\n<\/div>\n<div class=\"d_element_title\" style=\"font-weight: 600;\">D\u00e9placements de plus de 100 km<\/div>\n<div class=\"d_element_answer\">\n<p>Ils resteront limit\u00e9s aux motifs professionnels et familiaux imp\u00e9rieux. Une attestation sera n\u00e9cessaire pour les d\u00e9placements de plus de 100\u00a0km.<\/p>\n<\/div>\n<\/div>\n<\/div>\n<div id=\"rassemblementspublicsouprives\" class=\"d_element\">\n<div class=\"d_element_top\">\n<div class=\"d_element_mountain_top\">\n<div class=\"d_element_date\">11 mai<\/div>\n<div class=\"d_element_hashtags\" style=\"color: #38424c;\"><span title=\"Rechercher ce mot-cl\u00e9\">Vie sociale<\/span><\/div>\n<\/div>\n<div class=\"d_element_title\" style=\"font-weight: 600;\">Rassemblements publics ou priv\u00e9s<\/div>\n<div class=\"d_element_answer\">\n<p>Ils seront autoris\u00e9s mais limit\u00e9s \u00e0 10 personnes.<\/p>\n<\/div>\n<\/div>\n<\/div>\n<div id=\"reprisedessportsdexterieur\" class=\"d_element\">\n<div class=\"d_element_top\">\n<div class=\"d_element_mountain_top\">\n<div class=\"d_element_date\">11 mai<\/div>\n<div class=\"d_element_hashtags\" style=\"color: #38424c;\"><span title=\"Rechercher ce mot-cl\u00e9\">Sport<\/span><\/div>\n<\/div>\n<div class=\"d_element_title\" style=\"font-weight: 600;\">Reprise des sports d&#8217;ext\u00e9rieur<\/div>\n<div class=\"d_element_answer\">\n<p>&nbsp;<\/p>\n<p>L&#8217;activit\u00e9 sportive individuelle \u2013\u00a0v\u00e9lo, course \u00e0 pied, etc.\u00a0\u2013 sera \u00e0 nouveau possible en ext\u00e9rieur au-del\u00e0 de la limite de 1\u00a0km. Les r\u00e8gles de distanciation physique devront continuer \u00e0 \u00eatre respect\u00e9es.<\/p>\n<p>Les sports collectifs ou de contact seront toujours interdits, de m\u00eame que la pratique sportive en int\u00e9rieur.<\/p>\n<p>&nbsp;<\/p>\n<\/div>\n<\/div>\n<\/div>\n<div id=\"reouverturedesbibliothequesmediathequesetdespetitsmusees\" class=\"d_element\">\n<div class=\"d_element_top\">\n<div class=\"d_element_mountain_top\">\n<div class=\"d_element_date\">11 mai<\/div>\n<div class=\"d_element_hashtags\" style=\"color: #38424c;\"><span title=\"Rechercher ce mot-cl\u00e9\">Culture<\/span><\/div>\n<\/div>\n<div class=\"d_element_title\" style=\"font-weight: 600;\">R\u00e9ouverture des biblioth\u00e8ques, m\u00e9diath\u00e8ques et des\u00a0<em>\u00ab\u00a0petits mus\u00e9es\u00a0\u00bb<\/em><\/div>\n<div class=\"d_element_answer\">\n<p>A l&#8217;inverse des grands mus\u00e9es, les petits mus\u00e9es et biblioth\u00e8ques pourront rouvrir\u00a0<em>\u00ab\u00a0car ils peuvent fonctionner plus facilement en respectant les r\u00e8gles sanitaires\u00a0\u00bb<\/em>, a expliqu\u00e9 le premier ministre.<\/p>\n<\/div>\n<\/div>\n<\/div>\n<div id=\"reouverturedescimetieres\" class=\"d_element\">\n<div class=\"d_element_top\">\n<div class=\"d_element_mountain_top\">\n<div class=\"d_element_date\">11 mai<\/div>\n<div class=\"d_element_hashtags\" style=\"color: #38424c;\"><span title=\"Rechercher ce mot-cl\u00e9\">Vie sociale<\/span><\/div>\n<\/div>\n<div class=\"d_element_title\" style=\"font-weight: 600;\">R\u00e9ouverture des cimeti\u00e8res<\/div>\n<div class=\"d_element_answer\">\n<p>La r\u00e9ouverture des cimeti\u00e8res est pr\u00e9vue le 11 mai.<\/p>\n<\/div>\n<\/div>\n<\/div>\n<div id=\"restrictionspourlesfunerailles\" class=\"d_element\">\n<div class=\"d_element_top\">\n<div class=\"d_element_mountain_top\">\n<div class=\"d_element_date\">11 mai<\/div>\n<div class=\"d_element_hashtags\" style=\"color: #38424c;\"><span title=\"Rechercher ce mot-cl\u00e9\">Vie sociale<\/span><\/div>\n<\/div>\n<div class=\"d_element_title\" style=\"font-weight: 600;\">Restrictions pour les fun\u00e9railles<\/div>\n<div class=\"d_element_answer\">\n<p>Le nombre de personnes autoris\u00e9es \u00e0 assister aux c\u00e9r\u00e9monies fun\u00e9raires continuera \u00e0 \u00eatre limit\u00e9 \u00e0 vingt, m\u00eame apr\u00e8s le 11 mai.<\/p>\n<\/div>\n<\/div>\n<\/div>\n<div id=\"reouverturedesparcsetjardins\" class=\"d_element\">\n<div class=\"d_element_top\">\n<div class=\"d_element_mountain_top\">\n<div class=\"d_element_date\">11 mai<\/div>\n<div class=\"d_element_hashtags\" style=\"color: #38424c;\"><span title=\"Rechercher ce mot-cl\u00e9\">Espaces publics<\/span><\/div>\n<\/div>\n<div class=\"d_element_title\" style=\"font-weight: 600;\">R\u00e9ouverture des parcs et jardins<\/div>\n<div class=\"d_element_answer\">\n<p>La r\u00e9ouverture d\u00e9pendra de la dynamique des contaminations dans le d\u00e9partement.<\/p>\n<\/div>\n<\/div>\n<\/div>\n<div id=\"reouverturedescommerces\" class=\"d_element\">\n<div class=\"d_element_top\">\n<div class=\"d_element_mountain_top\">\n<div class=\"d_element_date\">11 mai<\/div>\n<div class=\"d_element_hashtags\" style=\"color: #38424c;\"><span title=\"Rechercher ce mot-cl\u00e9\">Economie<\/span><\/div>\n<\/div>\n<div class=\"d_element_title\" style=\"font-weight: 600;\">R\u00e9ouverture des commerces<\/div>\n<div class=\"d_element_answer\">\n<p>&nbsp;<\/p>\n<p>A l&#8217;exception des caf\u00e9s, bars et restaurants, tous les commerces sont autoris\u00e9s \u00e0 rouvrir. Toutefois, ils devront mettre en place une limitation du nombre de clients et une gestion des flux pour respecter une distance minimale.<\/p>\n<p>Le port du masque sera recommand\u00e9\u00a0: les commerces pourront interdire l&#8217;acc\u00e8s aux clients sans masque.<\/p>\n<p>&nbsp;<\/p>\n<\/div>\n<\/div>\n<\/div>\n<div id=\"reouverturedesmarches\" class=\"d_element\">\n<div class=\"d_element_top\">\n<div class=\"d_element_mountain_top\">\n<div class=\"d_element_date\">11 mai<\/div>\n<div class=\"d_element_hashtags\" style=\"color: #38424c;\"><span title=\"Rechercher ce mot-cl\u00e9\">Economie<\/span><\/div>\n<\/div>\n<div class=\"d_element_title\" style=\"font-weight: 600;\">R\u00e9ouverture des march\u00e9s<\/div>\n<div class=\"d_element_answer\">\n<p>Interdits pendant le confinement, ils pourront rouvrir, sauf exception d\u00e9cid\u00e9e par le pr\u00e9fet, en fonction de la configuration des lieux.<\/p>\n<\/div>\n<\/div>\n<\/div>\n<div id=\"reouverturedesgrandscentrescommerciaux\" class=\"d_element\">\n<div class=\"d_element_top\">\n<div class=\"d_element_mountain_top\">\n<div class=\"d_element_date\">11 mai<\/div>\n<div class=\"d_element_hashtags\" style=\"color: #38424c;\"><span title=\"Rechercher ce mot-cl\u00e9\">Economie<\/span><\/div>\n<\/div>\n<div class=\"d_element_title\" style=\"font-weight: 600;\">R\u00e9ouverture des grands centres commerciaux<\/div>\n<div class=\"d_element_answer\">\n<p><em>Pour \u00e9viter les d\u00e9placements au-del\u00e0 du bassin de vie,\u00a0<em><em>\u00ab\u00a0les pr\u00e9fets pourront d\u00e9cider de ne pas laisser ouvrir, au-del\u00e0 des sections alimentaires d\u00e9j\u00e0 ouvertes, les centres commerciaux de plus de 40\u00a0000\u00a0m<sup>2<\/sup>\u00a0qui risquent de susciter de tels mouvements de population\u00a0\u00bb<\/em><\/em>.<\/em><\/p>\n<\/div>\n<\/div>\n<\/div>\n<div id=\"poursuiteduteletravail\" class=\"d_element\">\n<div class=\"d_element_top\">\n<div class=\"d_element_mountain_top\">\n<div class=\"d_element_date\">11 mai<\/div>\n<div class=\"d_element_hashtags\" style=\"color: #38424c;\"><span title=\"Rechercher ce mot-cl\u00e9\">Economie<\/span><\/div>\n<\/div>\n<div class=\"d_element_title\" style=\"font-weight: 600;\">Poursuite du t\u00e9l\u00e9travail<\/div>\n<div class=\"d_element_answer\">\n<p>Le t\u00e9l\u00e9travail devra se poursuivre partout o\u00f9 c&#8217;est possible.<\/p>\n<\/div>\n<\/div>\n<\/div>\n<div id=\"isolationdesporteursduvirus\" class=\"d_element\">\n<div class=\"d_element_top\">\n<div class=\"d_element_mountain_top\">\n<div class=\"d_element_date\">11 mai<\/div>\n<div class=\"d_element_hashtags\" style=\"color: #38424c;\"><span title=\"Rechercher ce mot-cl\u00e9\">Politique sanitaire<\/span><\/div>\n<\/div>\n<div class=\"d_element_title\" style=\"font-weight: 600;\">Isolation des porteurs du virus<\/div>\n<div class=\"d_element_answer\">\n<p>Les personnes positives auront le choix entre s&#8217;isoler chez elles (ce qui place tout le foyer en quatorzaine) ou s&#8217;isoler dans un h\u00f4tel r\u00e9quisitionn\u00e9. L&#8217;objectif de cette strat\u00e9gie est de\u00a0<em>\u00ab\u00a0casser les cha\u00eenes de transmission\u00a0\u00bb<\/em>. Il y aura des\u00a0<em>\u00ab\u00a0contr\u00f4les s&#8217;ils devaient \u00eatre n\u00e9cessaires\u00a0\u00bb<\/em>, mais ce syst\u00e8me repose en premier lieu sur\u00a0<em>\u00ab\u00a0le civisme de chacun\u00a0\u00bb<\/em>\u00a0.<\/p>\n<\/div>\n<\/div>\n<\/div>\n<div id=\"identificationdescascontacts\" class=\"d_element\">\n<div class=\"d_element_top\">\n<div class=\"d_element_mountain_top\">\n<div class=\"d_element_date\">11 mai<\/div>\n<div class=\"d_element_hashtags\" style=\"color: #38424c;\"><span title=\"Rechercher ce mot-cl\u00e9\">Politique sanitaire<\/span><\/div>\n<\/div>\n<div class=\"d_element_title\" style=\"font-weight: 600;\">Identification des cas contacts<\/div>\n<div class=\"d_element_answer\">\n<p>Des\u00a0<em>\u00ab\u00a0brigades\u00a0\u00bb<\/em>\u00a0seront cr\u00e9\u00e9es dans chaque d\u00e9partement afin d&#8217;identifier et de tester les cas contacts d&#8217;un malade positif au SARS-CoV-2. Les tests seront int\u00e9gralement pris en charge par l&#8217;Assurance-maladie.<\/p>\n<\/div>\n<\/div>\n<\/div>\n<div id=\"distributiondesmasques\" class=\"d_element\">\n<div class=\"d_element_top\">\n<div class=\"d_element_mountain_top\">\n<div class=\"d_element_date\">11 mai<\/div>\n<div class=\"d_element_hashtags\" style=\"color: #38424c;\"><span title=\"Rechercher ce mot-cl\u00e9\">Politique sanitaire<\/span><\/div>\n<\/div>\n<div class=\"d_element_title\" style=\"font-weight: 600;\">Distribution des masques<\/div>\n<div class=\"d_element_answer\">\n<p>&nbsp;<\/p>\n<p><em>\u00ab\u00a0Il y aura assez de masques dans le pays pour faire face aux besoins \u00e0 partir du 11 mai\u00a0\u00bb<\/em>, a promis le premier ministre. L&#8217;enjeu est de bien les distribuer pour \u00e9viter la p\u00e9nurie.<\/p>\n<p>A partir du 30 avril, une plate-forme d&#8217;e-commerce sera d&#8217;ailleurs mise en place par La Poste pour distribuer chaque semaine plusieurs millions de masques grand public. En outre, l&#8217;Etat prendra en charge 50\u00a0% du co\u00fbt des commandes faites par les collectivit\u00e9s locales.<\/p>\n<p>Les masques seront distribu\u00e9s\u00a0:<\/p>\n<ul>\n<li>par les entreprises pour leurs employ\u00e9s\u00a0;<\/li>\n<li>par les collectivit\u00e9s pour leur personnel\u00a0;<\/li>\n<li>par l&#8217;\u00e9ducation nationale pour ses personnels et les \u00e9l\u00e8ves\u00a0;<\/li>\n<li>par les centres communaux d&#8217;action sociale (CCAS) et associations pour les publics vuln\u00e9rables (5 millions de masques par semaine).<\/li>\n<\/ul>\n<p>&nbsp;<\/p>\n<\/div>\n<\/div>\n<\/div>\n<div id=\"objectifde700000testsparsemaine\" class=\"d_element\">\n<div class=\"d_element_top\">\n<div class=\"d_element_mountain_top\">\n<div class=\"d_element_date\">11 mai<\/div>\n<div class=\"d_element_hashtags\" style=\"color: #38424c;\"><span title=\"Rechercher ce mot-cl\u00e9\">Politique sanitaire<\/span><\/div>\n<\/div>\n<div class=\"d_element_title\" style=\"font-weight: 600;\">Objectif de 700\u00a0000 tests par semaine<\/div>\n<div class=\"d_element_answer\">\n<p>Le gouvernement s&#8217;est fix\u00e9\u00a0<em>\u00ab\u00a0l&#8217;objectif de r\u00e9aliser au moins 700\u00a0000\u00a0tests virologiques par semaine au 11 mai\u00a0\u00bb<\/em>. Ce chiffre correspond aux\u00a0<em>\u00ab\u00a01\u00a0000 \u00e0 3\u00a0000\u00a0\u00bb<\/em>\u00a0nouveaux cas quotidiens pr\u00e9vus par le conseil scientifique, multipli\u00e9s par les\u00a0<em>\u00ab\u00a020 \u00e0 25\u00a0personnes\u00a0\u00bb<\/em>\u00a0les ayant crois\u00e9s en moyenne dans les jours pr\u00e9c\u00e9dents.<\/p>\n<\/div>\n<\/div>\n<\/div>\n<div id=\"amenagementdeshorairesetdesorganisationsdetravail\" class=\"d_element\">\n<div class=\"d_element_top\">\n<div class=\"d_element_mountain_top\">\n<div class=\"d_element_date\">12 mai<\/div>\n<div class=\"d_element_hashtags\" style=\"color: #38424c;\"><span title=\"Rechercher ce mot-cl\u00e9\">Economie<\/span><\/div>\n<\/div>\n<div class=\"d_element_title\" style=\"font-weight: 600;\">Am\u00e9nagement des horaires et des organisations de travail<\/div>\n<div class=\"d_element_answer\">\n<p>Lorsque le t\u00e9l\u00e9travail n&#8217;est pas possible, les horaires d\u00e9cal\u00e9s sont encourag\u00e9s. Le port du masque est obligatoire lorsque la distanciation n&#8217;est pas garantie. Des guides par m\u00e9tiers seront \u00e9labor\u00e9s\u00a0: 33 sont disponibles, il en faut environ 60 pour couvrir tous les secteurs.<\/p>\n<\/div>\n<\/div>\n<\/div>\n<div id=\"reouverturedescolleges\" class=\"d_element\">\n<div class=\"d_element_top\">\n<div class=\"d_element_mountain_top\">\n<div class=\"d_element_date\">18 mai<\/div>\n<div class=\"d_element_hashtags\" style=\"color: #38424c;\"><span title=\"Rechercher ce mot-cl\u00e9\">Education\u00a0<\/span><\/div>\n<\/div>\n<div class=\"d_element_title\" style=\"font-weight: 600;\">R\u00e9ouverture des coll\u00e8ges<\/div>\n<div class=\"d_element_answer\">\n<p>&nbsp;<\/p>\n<p>A partir du 18 mai, les coll\u00e8ges pourront rouvrir dans les \u00ab\u00a0d\u00e9partements verts\u00a0\u00bb (o\u00f9 le virus circule peu), mais seulement pour les classes de 6<sup>e<\/sup>\u00a0et 5<sup>e<\/sup>, et sur la base du volontariat des parents.<\/p>\n<p>Les groupes \u00e9tant limit\u00e9s \u00e0 15 \u00e9l\u00e8ves, tous les \u00e9l\u00e8ves ne pourront pas revenir en classe en m\u00eame temps\u00a0: les \u00e9tablissements pourront choisir les modalit\u00e9s pratiques (un jour sur deux, une demi-semaine, une semaine sur deux\u2026).<\/p>\n<p>Les masques seront obligatoires pour les \u00e9l\u00e8ves et les personnels, et fournis aux coll\u00e9giens qui n&#8217;en auraient pas.<\/p>\n<p>Les cantines pourront rouvrir ou rester ferm\u00e9es, en fonction de la d\u00e9cision du maire.<\/p>\n<p>Les \u00e9l\u00e8ves de 4<sup>e<\/sup>\u00a0et 3<sup>e<\/sup>\u00a0continueront pour l&#8217;instant l&#8217;enseignement \u00e0 distance. La d\u00e9cision sur leur \u00e9ventuel retour en pr\u00e9sentiel sera prise fin mai.<\/p>\n<p>&nbsp;<\/p>\n<\/div>\n<\/div>\n<\/div>\n<div id=\"reouverturedeslycees\" class=\"d_element\">\n<div class=\"d_element_top\">\n<div class=\"d_element_mountain_top\">\n<div class=\"d_element_date\">Pas avant le 2 juin<\/div>\n<div class=\"d_element_hashtags\" style=\"color: #38424c;\"><span title=\"Rechercher ce mot-cl\u00e9\">Education\u00a0<\/span><\/div>\n<\/div>\n<div class=\"d_element_title\" style=\"font-weight: 600;\">R\u00e9ouverture des lyc\u00e9es<\/div>\n<div class=\"d_element_answer\">\n<p>&nbsp;<\/p>\n<p>Les lyc\u00e9es ne rouvriront pas avant le 2 juin. Les lyc\u00e9es professionnels devraient \u00eatre les premiers \u00e0 accueillir de nouveau des \u00e9l\u00e8ves. Un calendrier plus pr\u00e9cis devrait \u00eatre annonc\u00e9 fin mai.<\/p>\n<p>Les BTS et les premi\u00e8res ann\u00e9es pr\u00e9pas seront soumis au m\u00eame r\u00e9gime que les lyc\u00e9ens, tandis que les deuxi\u00e8mes ann\u00e9es de pr\u00e9pa ne devraient pas revenir en classe.<\/p>\n<p>&nbsp;<\/p>\n<\/div>\n<\/div>\n<\/div>\n<div id=\"grandsmusees\" class=\"d_element\">\n<div class=\"d_element_top\">\n<div class=\"d_element_mountain_top\">\n<div class=\"d_element_date\">Pas avant le 2 juin<\/div>\n<div class=\"d_element_hashtags\" style=\"color: #38424c;\"><span title=\"Rechercher ce mot-cl\u00e9\">Culture<\/span><\/div>\n<\/div>\n<div class=\"d_element_title\" style=\"font-weight: 600;\"><em>\u00ab\u00a0Grands mus\u00e9es\u00a0\u00bb<\/em><\/div>\n<div class=\"d_element_answer\">\n<p>En fonction de la situation sanitaire, le gouvernement d\u00e9cidera de la r\u00e9ouverture des grands mus\u00e9es \u00e0 partir du 2 juin. Ils resteront ferm\u00e9s d&#8217;ici l\u00e0.<\/p>\n<\/div>\n<\/div>\n<\/div>\n<div id=\"sallesdesfetessallespolyvalentes\" class=\"d_element\">\n<div class=\"d_element_top\">\n<div class=\"d_element_mountain_top\">\n<div class=\"d_element_date\">Pas avant le 2 juin<\/div>\n<div class=\"d_element_hashtags\" style=\"color: #38424c;\"><span title=\"Rechercher ce mot-cl\u00e9\">Culture<\/span><\/div>\n<\/div>\n<div class=\"d_element_title\" style=\"font-weight: 600;\">Salles des f\u00eates, salles polyvalentes<\/div>\n<div class=\"d_element_answer\">\n<p>En fonction de la situation sanitaire, le gouvernement d\u00e9cidera de la r\u00e9ouverture des salles polyvalentes. Elles resteront ferm\u00e9es d&#8217;ici l\u00e0.<\/p>\n<\/div>\n<\/div>\n<\/div>\n<div id=\"lieuxdeculte\" class=\"d_element\">\n<div class=\"d_element_top\">\n<div class=\"d_element_mountain_top\">\n<div class=\"d_element_date\">Pas avant le 2 juin<\/div>\n<div class=\"d_element_hashtags\" style=\"color: #38424c;\"><span title=\"Rechercher ce mot-cl\u00e9\">Vie sociale<\/span><\/div>\n<\/div>\n<div class=\"d_element_title\" style=\"font-weight: 600;\">Lieux de culte<\/div>\n<div class=\"d_element_answer\">\n<p>Les lieux de culte resteront ouverts, mais le gouvernement demande aux organisations religieuses de ne pas organiser de c\u00e9r\u00e9monies avant le 2 juin.<\/p>\n<\/div>\n<\/div>\n<\/div>\n<div id=\"sportsdinterieurcollectifdecontactsallesdesport\" class=\"d_element\">\n<div class=\"d_element_top\">\n<div class=\"d_element_mountain_top\">\n<div class=\"d_element_date\">Pas avant le 2 juin<\/div>\n<div class=\"d_element_hashtags\" style=\"color: #38424c;\"><span title=\"Rechercher ce mot-cl\u00e9\">Sport<\/span><\/div>\n<\/div>\n<div class=\"d_element_title\" style=\"font-weight: 600;\">Sports d&#8217;int\u00e9rieur, collectif, de contact salles de sport<\/div>\n<div class=\"d_element_answer\">\n<p>Les sports autres qu&#8217;individuels et en plein air resteront interdits.<\/p>\n<\/div>\n<\/div>\n<\/div>\n<div id=\"cinemastheatresspectaclevivant\" class=\"d_element\">\n<div class=\"d_element_top\">\n<div class=\"d_element_mountain_top\">\n<div class=\"d_element_date\">Pas avant le 2 juin<\/div>\n<div class=\"d_element_hashtags\" style=\"color: #38424c;\"><span title=\"Rechercher ce mot-cl\u00e9\">Culture<\/span><\/div>\n<\/div>\n<div class=\"d_element_title\" style=\"font-weight: 600;\">Cin\u00e9mas, th\u00e9\u00e2tres, spectacle vivant<\/div>\n<div class=\"d_element_answer\">\n<p>En fonction de la situation sanitaire, le gouvernement d\u00e9cidera de la r\u00e9ouverture de ces lieux culturels ferm\u00e9s, o\u00f9 les spectateurs stationnent longtemps, \u00e0 partir du 2\u00a0juin. Ils resteront ferm\u00e9s d&#8217;ici l\u00e0.<\/p>\n<\/div>\n<\/div>\n<\/div>\n<div id=\"accesauxplages\" class=\"d_element\">\n<div class=\"d_element_top\">\n<div class=\"d_element_mountain_top\">\n<div class=\"d_element_date\">Pas avant le 2 juin<\/div>\n<div class=\"d_element_hashtags\" style=\"color: #38424c;\"><span title=\"Rechercher ce mot-cl\u00e9\">Espaces publics<\/span><\/div>\n<\/div>\n<div class=\"d_element_title\" style=\"font-weight: 600;\">Acc\u00e8s aux plages<\/div>\n<div class=\"d_element_answer\">\n<p><em>\u00ab\u00a0Par mesure de pr\u00e9caution\u00a0\u00bb<\/em>, la fr\u00e9quentation des plages restera interdite au moins jusqu&#8217;au 2 juin.<\/p>\n<\/div>\n<\/div>\n<\/div>\n<div id=\"restaurantsetbars\" class=\"d_element\">\n<div class=\"d_element_top\">\n<div class=\"d_element_mountain_top\">\n<div class=\"d_element_date\">Pas avant le 2 juin<\/div>\n<div class=\"d_element_hashtags\" style=\"color: #38424c;\"><span title=\"Rechercher ce mot-cl\u00e9\">Economie<\/span><\/div>\n<\/div>\n<div class=\"d_element_title\" style=\"font-weight: 600;\">Restaurants et bars<\/div>\n<div class=\"d_element_answer\">\n<p>Ils resteront ferm\u00e9s au moins jusqu&#8217;au 2 juin, mais leur r\u00e9ouverture demeure\u00a0<em>\u00ab\u00a0peu probable\u00a0\u00bb<\/em>\u00a0le 15 juin, avait d\u00e9j\u00e0 dit Bruno Le Maire, ministre de l&#8217;\u00e9conomie.<\/p>\n<\/div>\n<\/div>\n<\/div>\n<div id=\"debutdesvacancesdete\" class=\"d_element\">\n<div class=\"d_element_top\">\n<div class=\"d_element_mountain_top\">\n<div class=\"d_element_date\">4 juillet<\/div>\n<div class=\"d_element_hashtags\" style=\"color: #38424c;\"><span title=\"Rechercher ce mot-cl\u00e9\">Education\u00a0<\/span><\/div>\n<\/div>\n<div class=\"d_element_title\" style=\"font-weight: 600;\">D\u00e9but des vacances d&#8217;\u00e9t\u00e9<\/div>\n<div class=\"d_element_answer\">\n<p>&nbsp;<\/p>\n<p>La date de d\u00e9but des vacances scolaires sera maintenue, a confirm\u00e9 le ministre de l&#8217;\u00e9ducation, Jean-Michel Blanquer.<\/p>\n<p>Il a en revanche \u00e9voqu\u00e9 la mise en place pendant l&#8217;\u00e9t\u00e9 de \u00ab\u00a0modules de soutien scolaire\u00a0\u00bb pour les \u00e9l\u00e8ves ayant accumul\u00e9 du retard \u00e0 cause du confinement ainsi que des \u00ab\u00a0colonies de vacances apprenantes\u00a0\u00bb.<\/p>\n<p>&nbsp;<\/p>\n<\/div>\n<\/div>\n<\/div>\n<div id=\"rentreescolaire\" class=\"d_element\">\n<div class=\"d_element_top\">\n<div class=\"d_element_mountain_top\">\n<div class=\"d_element_date\">1<sup>er<\/sup>\u00a0septembre<\/div>\n<div class=\"d_element_hashtags\" style=\"color: #38424c;\"><span title=\"Rechercher ce mot-cl\u00e9\">Education\u00a0<\/span><\/div>\n<\/div>\n<div class=\"d_element_title\" style=\"font-weight: 600;\">Rentr\u00e9e scolaire<\/div>\n<div class=\"d_element_answer\">\n<p>&nbsp;<\/p>\n<p>La date de la rentr\u00e9e scolaire de septembre reste, pour l&#8217;heure, inchang\u00e9e.<\/p>\n<p>&nbsp;<\/p>\n<\/div>\n<\/div>\n<\/div>\n<div id=\"reprisedesmanifestationssportives\" class=\"d_element\">\n<div class=\"d_element_top\">\n<div class=\"d_element_mountain_top\">\n<div class=\"d_element_date\">Pas avant septembre<\/div>\n<div class=\"d_element_hashtags\" style=\"color: #38424c;\"><span title=\"Rechercher ce mot-cl\u00e9\">Sport<\/span><\/div>\n<\/div>\n<div class=\"d_element_title\" style=\"font-weight: 600;\">Reprise des manifestations sportives<\/div>\n<div class=\"d_element_answer\">\n<p>Les manifestations sportives restent interdites jusqu&#8217;en septembre.\u00a0<em>\u00ab\u00a0La saison 2019-2020 de sport professionnel, notamment celle de football, ne pourra pas non plus reprendre\u00a0\u00bb<\/em>, selon Edouard Philippe.<\/p>\n<\/div>\n<\/div>\n<\/div>\n<div id=\"aucunemanifestationdeplusde5000personnesavantseptembre\" class=\"d_element\">\n<div class=\"d_element_top\">\n<div class=\"d_element_mountain_top\">\n<div class=\"d_element_date\">Pas avant septembre<\/div>\n<div class=\"d_element_hashtags\" style=\"color: #38424c;\"><span title=\"Rechercher ce mot-cl\u00e9\">Culture<\/span><\/div>\n<\/div>\n<div class=\"d_element_title\" style=\"font-weight: 600;\">Aucune manifestation de plus de 5\u00a0000\u00a0personnes avant septembre<\/div>\n<div class=\"d_element_answer\">\n<p>Tous les festivals, grandes manifestations culturelles, salons, etc. qui \u00e9taient soumis \u00e0 une autorisation pr\u00e9fectorale seront interdits, au moins jusqu&#8217;\u00e0 septembre.<\/p>\n<\/div>\n<\/div>\n<\/div>\n<div id=\"celebrationdesmariages\" class=\"d_element\">\n<div class=\"d_element_top\">\n<div class=\"d_element_mountain_top\">\n<div class=\"d_element_date\">Jusqu&#8217;\u00e0 nouvel ordre<\/div>\n<div class=\"d_element_hashtags\" style=\"color: #38424c;\"><span title=\"Rechercher ce mot-cl\u00e9\">Vie sociale<\/span><\/div>\n<\/div>\n<div class=\"d_element_title\" style=\"font-weight: 600;\">C\u00e9l\u00e9bration des mariages<\/div>\n<div class=\"d_element_answer\">\n<p><em>\u00ab\u00a0Les mairies continueront \u00e0 proposer, sauf urgence, un report des mariages\u00a0\u00bb<\/em>, selon Edouard Philippe.<\/p>\n<p>La Carte du Confinement, ci dessous: l&#8217;humour, la meilleure m\u00e9decine<\/p>\n<p><a href=\"https:\/\/centredebienetreholistique.com\/wp-content\/uploads\/2020\/05\/Screenshot-2020-05-02-12.31.30.png\"><img data-attachment-id=\"3244\" data-permalink=\"https:\/\/centredebienetreholistique.com\/?attachment_id=3244\" data-orig-file=\"https:\/\/centredebienetreholistique.com\/wp-content\/uploads\/2020\/05\/Screenshot-2020-05-02-12.31.30.png\" data-orig-size=\"514,290\" data-comments-opened=\"1\" data-image-meta=\"{&quot;aperture&quot;:&quot;0&quot;,&quot;credit&quot;:&quot;&quot;,&quot;camera&quot;:&quot;&quot;,&quot;caption&quot;:&quot;&quot;,&quot;created_timestamp&quot;:&quot;0&quot;,&quot;copyright&quot;:&quot;&quot;,&quot;focal_length&quot;:&quot;0&quot;,&quot;iso&quot;:&quot;0&quot;,&quot;shutter_speed&quot;:&quot;0&quot;,&quot;title&quot;:&quot;&quot;}\" data-image-title=\"Screenshot 2020-05-02 12.31.30\" data-image-description=\"\" data-image-caption=\"\" data-medium-file=\"https:\/\/centredebienetreholistique.com\/wp-content\/uploads\/2020\/05\/Screenshot-2020-05-02-12.31.30-300x169.png\" data-large-file=\"https:\/\/centredebienetreholistique.com\/wp-content\/uploads\/2020\/05\/Screenshot-2020-05-02-12.31.30.png\" decoding=\"async\" loading=\"lazy\" class=\"alignnone size-medium wp-image-3244\" src=\"https:\/\/centredebienetreholistique.com\/wp-content\/uploads\/2020\/05\/Screenshot-2020-05-02-12.31.30-300x169.png\" alt=\"Screenshot 2020-05-02 12.31.30\" width=\"300\" height=\"169\" srcset=\"https:\/\/centredebienetreholistique.com\/wp-content\/uploads\/2020\/05\/Screenshot-2020-05-02-12.31.30-300x169.png 300w, https:\/\/centredebienetreholistique.com\/wp-content\/uploads\/2020\/05\/Screenshot-2020-05-02-12.31.30-100x56.png 100w, https:\/\/centredebienetreholistique.com\/wp-content\/uploads\/2020\/05\/Screenshot-2020-05-02-12.31.30-150x84.png 150w, https:\/\/centredebienetreholistique.com\/wp-content\/uploads\/2020\/05\/Screenshot-2020-05-02-12.31.30-200x112.png 200w, https:\/\/centredebienetreholistique.com\/wp-content\/uploads\/2020\/05\/Screenshot-2020-05-02-12.31.30-450x253.png 450w, https:\/\/centredebienetreholistique.com\/wp-content\/uploads\/2020\/05\/Screenshot-2020-05-02-12.31.30.png 514w\" sizes=\"(max-width: 300px) 100vw, 300px\" \/><\/a><\/p>\n<\/div>\n<\/div>\n<\/div>\n<\/div>\n<\/div>\n<div id=\"d_scrolltop\" class=\"d_transparent\" title=\"Retourner \u00e0 la recherche\"><\/div>\n<\/div>\n<\/div>\n<\/div>\n<section class=\"catcher catcher--last js-catcher\" style=\"color: #383f4e;\"><\/section>\n<\/section>\n","protected":false},"excerpt":{"rendered":"<p>Le premier ministre, Edouard Philippe, a annonc\u00e9, mardi 28\u00a0avril, la strat\u00e9gie nationale de sortie du confinement \u00e0 l\u2019Assembl\u00e9e nationale, comme il s\u2019y \u00e9tait engag\u00e9. La premi\u00e8re phase de ce plan s\u2019\u00e9talera du lundi 11\u00a0mai au lundi 1er\u00a0juin. Si l\u2019\u00e9pid\u00e9mie continue &hellip;<\/p>\n<p class=\"read-more\"> <a class=\"more-link\" href=\"https:\/\/centredebienetreholistique.com\/?p=3242\"> <span class=\"screen-reader-text\">D\u00e9confinement: Calendrier<\/span> Read More &raquo;<\/a><\/p>\n","protected":false},"author":1,"featured_media":0,"comment_status":"open","ping_status":"open","sticky":false,"template":"","format":"standard","meta":{"_jetpack_newsletter_access":"","footnotes":""},"categories":[1],"tags":[],"jetpack_featured_media_url":"","jetpack_sharing_enabled":true,"jetpack_shortlink":"https:\/\/wp.me\/p4FfFc-Qi","jetpack_likes_enabled":true,"jetpack-related-posts":[{"id":11632,"url":"https:\/\/centredebienetreholistique.com\/?p=11632","url_meta":{"origin":3242,"position":0},"title":"Poste Scriptum sur l&#8217;Election Pr\u00e9sidentielle 2022","author":"centredebienetreholistique","date":"July 14, 2021","format":false,"excerpt":"Pour celles et ceux qui souhaiteraient que je confronte et d\u00e9masque directement les abus, les insuffisances et les erreurs du Pr\u00e9sident Macron et ses experts aux prochaines \u00e9lections, dite le moi via la Page M\u00e9decine Holistic de Facebook, Pour nous\u00a0suivre sur Facebook S'il y a assez de soutien, je ferais\u2026","rel":"","context":"Similar post","block_context":{"text":"Similar post","link":""},"img":{"alt_text":"","src":"https:\/\/i0.wp.com\/centredebienetreholistique.com\/wp-content\/uploads\/2015\/06\/Screen-Shot-2015-06-10-at-10.06.32-PM-300x271.png?resize=350%2C200","width":350,"height":200},"classes":[]},{"id":1048,"url":"https:\/\/centredebienetreholistique.com\/?p=1048","url_meta":{"origin":3242,"position":1},"title":"La Hug Th\u00e9rapie, productrice d&#8217;ocytocine et d&#8217;anandamide, fait partie de la M\u00e9decine Holistique","author":"centredebienetreholistique","date":"December 26, 2015","format":false,"excerpt":"En mettant en oeuvre la \"hug therapy\", (ie, th\u00e9rapie de l'accolade, de l'\u00e9treinte), des scientifiques universitaires am\u00e9ricains ont d\u00e9montr\u00e9 que\u00a0l'hormone ocytocine (1) se mobilise en actionnant les r\u00e9cepteurs de notre syst\u00e8me endocannabinoidal, tout en vivifiant une autre mol\u00e9cule qui s'appelle la \u201cbliss molecule\u201d ou l'anandamide. (2) Ce faisant, les sentiments\u2026","rel":"","context":"Similar post","block_context":{"text":"Similar post","link":""},"img":{"alt_text":"","src":"","width":0,"height":0},"classes":[]},{"id":2973,"url":"https:\/\/centredebienetreholistique.com\/?p=2973","url_meta":{"origin":3242,"position":2},"title":"Atelier &#8220;immunit\u00e9, pand\u00e9mies et COVID 19&#8221; du Stage d&#8217;\u00e9t\u00e9 sur la Long\u00e9vit\u00e9 Optimale","author":"centredebienetreholistique","date":"March 28, 2020","format":false,"excerpt":"Descriptif de l'Atelier Cet \u00e9t\u00e9, si tout se passe bien et si nous avions assez de stagiaires, le Centre de bien-entre holistique enseignera un atelier \"immunit\u00e9 et pand\u00e9mie\". Dams cette perspective, \u00a0plusieurs protocoles holistiques qui peuvent avoir raison du SARS COV-2 et d'autres virus seront analys\u00e9s. On \u00e9tudiera aussi les\u2026","rel":"","context":"Similar post","block_context":{"text":"Similar post","link":""},"img":{"alt_text":"","src":"","width":0,"height":0},"classes":[]},{"id":12296,"url":"https:\/\/centredebienetreholistique.com\/?p=12296","url_meta":{"origin":3242,"position":3},"title":"Le Secteur du Cannabis, fond\u00e9 sur une science robuste, va bient\u00f4t approcher 60 milliards de dollars l\u00e9gitimes en Am\u00e9rique: Pourquoi un tel manquement et-ou aveuglement parmi les autorit\u00e9s fran\u00e7aises ?","author":"centredebienetreholistique","date":"October 5, 2021","format":false,"excerpt":"D\u2019ici 2027, le secteur du cannabis pourrait valoir 57 milliards de dollars. Voici comment en profiter Au cours des derni\u00e8res ann\u00e9es, le monde a appris \u00e0 conna\u00eetre le cannabis et ses qualit\u00e9s m\u00e9dicinales. Des recherches ont \u00e9t\u00e9 men\u00e9es et document\u00e9es sur la contribution du cannabis au soulagement de la douleur,\u2026","rel":"","context":"Similar post","block_context":{"text":"Similar post","link":""},"img":{"alt_text":"","src":"","width":0,"height":0},"classes":[]},{"id":1267,"url":"https:\/\/centredebienetreholistique.com\/?p=1267","url_meta":{"origin":3242,"position":4},"title":"Le pamplemousse peut \u00eatre b\u00e9n\u00e9fique pour la r\u00e9paration des mutations g\u00e9n\u00e9tiques, le cancer, maladies m\u00e9taboliques et le vieillissement pr\u00e9coce de la peau","author":"centredebienetreholistique","date":"August 12, 2016","format":false,"excerpt":"Dans ce post, je passerais en revue quelques preuves qui confirment que le pamplemousse contient des mol\u00e9cules qui sont capables \u00a0de r\u00e9parer plusieurs types de mutations g\u00e9n\u00e9tiques \u00a0(SECTION A), \u00a0de combattre le cancer\u00a0(SECTION B)\u00a0ainsi que plusieurs d\u00e9sordres m\u00e9taboliques et le vieillissement pr\u00e9coce de la peau\u00a0(SECTION C). SECTION A R\u00c9PARATION DES\u2026","rel":"","context":"Similar post","block_context":{"text":"Similar post","link":""},"img":{"alt_text":"","src":"","width":0,"height":0},"classes":[]},{"id":1246,"url":"https:\/\/centredebienetreholistique.com\/?p=1246","url_meta":{"origin":3242,"position":5},"title":"La vaccination vue au travers du prisme du microbiome, de la science et de la m\u00e9decine holistique.","author":"centredebienetreholistique","date":"July 11, 2016","format":false,"excerpt":"Suite \u00e0 la radiation de toute \u00e9vidence abusive d'Henri Joyeux, professeur de canc\u00e9rologie, par le Conseil National de l'Ordre des M\u00e9decins, (cr\u00e9e par l'Etat de Vichy), je viens d'\u00e9couter une partie du d\u00e9bat vaccin fran\u00e7ais et je constate plusieurs carences par rapport aux d\u00e9bats scientifiques am\u00e9ricains. LE D\u00c9BAT SCIENTIFIQUE AM\u00c9RICAIN\u2026","rel":"","context":"Similar post","block_context":{"text":"Similar post","link":""},"img":{"alt_text":"","src":"","width":0,"height":0},"classes":[]}],"_links":{"self":[{"href":"https:\/\/centredebienetreholistique.com\/index.php?rest_route=\/wp\/v2\/posts\/3242"}],"collection":[{"href":"https:\/\/centredebienetreholistique.com\/index.php?rest_route=\/wp\/v2\/posts"}],"about":[{"href":"https:\/\/centredebienetreholistique.com\/index.php?rest_route=\/wp\/v2\/types\/post"}],"author":[{"embeddable":true,"href":"https:\/\/centredebienetreholistique.com\/index.php?rest_route=\/wp\/v2\/users\/1"}],"replies":[{"embeddable":true,"href":"https:\/\/centredebienetreholistique.com\/index.php?rest_route=%2Fwp%2Fv2%2Fcomments&post=3242"}],"version-history":[{"count":3,"href":"https:\/\/centredebienetreholistique.com\/index.php?rest_route=\/wp\/v2\/posts\/3242\/revisions"}],"predecessor-version":[{"id":3246,"href":"https:\/\/centredebienetreholistique.com\/index.php?rest_route=\/wp\/v2\/posts\/3242\/revisions\/3246"}],"wp:attachment":[{"href":"https:\/\/centredebienetreholistique.com\/index.php?rest_route=%2Fwp%2Fv2%2Fmedia&parent=3242"}],"wp:term":[{"taxonomy":"category","embeddable":true,"href":"https:\/\/centredebienetreholistique.com\/index.php?rest_route=%2Fwp%2Fv2%2Fcategories&post=3242"},{"taxonomy":"post_tag","embeddable":true,"href":"https:\/\/centredebienetreholistique.com\/index.php?rest_route=%2Fwp%2Fv2%2Ftags&post=3242"}],"curies":[{"name":"wp","href":"https:\/\/api.w.org\/{rel}","templated":true}]}}