{"id":3223,"date":"2020-04-01T14:07:05","date_gmt":"2020-04-01T14:07:05","guid":{"rendered":"http:\/\/centredebienetreholistique.com\/?p=3223"},"modified":"2020-05-01T14:08:01","modified_gmt":"2020-05-01T14:08:01","slug":"protocol-covid-19-preliminaire","status":"publish","type":"post","link":"https:\/\/centredebienetreholistique.com\/?p=3223","title":{"rendered":"Protocol Covid-19 Pr\u00e9liminaire"},"content":{"rendered":"","protected":true},"excerpt":{"rendered":"","protected":true},"author":1,"featured_media":0,"comment_status":"open","ping_status":"open","sticky":false,"template":"","format":"standard","meta":{"_jetpack_newsletter_access":"","footnotes":""},"categories":[1],"tags":[],"jetpack_featured_media_url":"","jetpack_sharing_enabled":true,"jetpack_shortlink":"https:\/\/wp.me\/p4FfFc-PZ","jetpack_likes_enabled":true,"jetpack-related-posts":[{"id":2973,"url":"https:\/\/centredebienetreholistique.com\/?p=2973","url_meta":{"origin":3223,"position":0},"title":"Atelier &#8220;immunit\u00e9, pand\u00e9mies et COVID 19&#8221; du Stage d&#8217;\u00e9t\u00e9 sur la Long\u00e9vit\u00e9 Optimale","author":"centredebienetreholistique","date":"March 28, 2020","format":false,"excerpt":"Descriptif de l'Atelier Cet \u00e9t\u00e9, si tout se passe bien et si nous avions assez de stagiaires, le Centre de bien-entre holistique enseignera un atelier \"immunit\u00e9 et pand\u00e9mie\". Dams cette perspective, \u00a0plusieurs protocoles holistiques qui peuvent avoir raison du SARS COV-2 et d'autres virus seront analys\u00e9s. On \u00e9tudiera aussi les\u2026","rel":"","context":"Similar post","block_context":{"text":"Similar post","link":""},"img":{"alt_text":"","src":"","width":0,"height":0},"classes":[]},{"id":11682,"url":"https:\/\/centredebienetreholistique.com\/?p=11682","url_meta":{"origin":3223,"position":1},"title":"D\u00e9claration de responsabilit\u00e9 vaccinale \u00e0 faire signer par le vaccinateur","author":"centredebienetreholistique","date":"July 14, 2021","format":false,"excerpt":"En d\u00e9pit des clauses d'irresponsabilit\u00e9 sign\u00e9es entre les firmes pharmaceutiques qui produisent ces vaccins et leur distributeurs, si jamais il y des effets nocifs vaccinaux pour un vaccin\u00e9, un engagement \u00e9crit de non nocivit\u00e9 pourrait \u00eatre utile en droit. Mais il ne faudrait \u00a0pas se faire \u00a0d'illusion. Peu de vaccinateur\u2026","rel":"","context":"Similar post","block_context":{"text":"Similar post","link":""},"img":{"alt_text":"","src":"","width":0,"height":0},"classes":[]},{"id":11632,"url":"https:\/\/centredebienetreholistique.com\/?p=11632","url_meta":{"origin":3223,"position":2},"title":"Poste Scriptum sur l&#8217;Election Pr\u00e9sidentielle 2022","author":"centredebienetreholistique","date":"July 14, 2021","format":false,"excerpt":"Pour celles et ceux qui souhaiteraient que je confronte et d\u00e9masque directement les abus, les insuffisances et les erreurs du Pr\u00e9sident Macron et ses experts aux prochaines \u00e9lections, dite le moi via la Page M\u00e9decine Holistic de Facebook, Pour nous\u00a0suivre sur Facebook S'il y a assez de soutien, je ferais\u2026","rel":"","context":"Similar post","block_context":{"text":"Similar post","link":""},"img":{"alt_text":"","src":"https:\/\/i0.wp.com\/centredebienetreholistique.com\/wp-content\/uploads\/2015\/06\/Screen-Shot-2015-06-10-at-10.06.32-PM-300x271.png?resize=350%2C200","width":350,"height":200},"classes":[]},{"id":1246,"url":"https:\/\/centredebienetreholistique.com\/?p=1246","url_meta":{"origin":3223,"position":3},"title":"La vaccination vue au travers du prisme du microbiome, de la science et de la m\u00e9decine holistique.","author":"centredebienetreholistique","date":"July 11, 2016","format":false,"excerpt":"Suite \u00e0 la radiation de toute \u00e9vidence abusive d'Henri Joyeux, professeur de canc\u00e9rologie, par le Conseil National de l'Ordre des M\u00e9decins, (cr\u00e9e par l'Etat de Vichy), je viens d'\u00e9couter une partie du d\u00e9bat vaccin fran\u00e7ais et je constate plusieurs carences par rapport aux d\u00e9bats scientifiques am\u00e9ricains. LE D\u00c9BAT SCIENTIFIQUE AM\u00c9RICAIN\u2026","rel":"","context":"Similar post","block_context":{"text":"Similar post","link":""},"img":{"alt_text":"","src":"","width":0,"height":0},"classes":[]},{"id":1267,"url":"https:\/\/centredebienetreholistique.com\/?p=1267","url_meta":{"origin":3223,"position":4},"title":"Le pamplemousse peut \u00eatre b\u00e9n\u00e9fique pour la r\u00e9paration des mutations g\u00e9n\u00e9tiques, le cancer, maladies m\u00e9taboliques et le vieillissement pr\u00e9coce de la peau","author":"centredebienetreholistique","date":"August 12, 2016","format":false,"excerpt":"Dans ce post, je passerais en revue quelques preuves qui confirment que le pamplemousse contient des mol\u00e9cules qui sont capables \u00a0de r\u00e9parer plusieurs types de mutations g\u00e9n\u00e9tiques \u00a0(SECTION A), \u00a0de combattre le cancer\u00a0(SECTION B)\u00a0ainsi que plusieurs d\u00e9sordres m\u00e9taboliques et le vieillissement pr\u00e9coce de la peau\u00a0(SECTION C). SECTION A R\u00c9PARATION DES\u2026","rel":"","context":"Similar post","block_context":{"text":"Similar post","link":""},"img":{"alt_text":"","src":"","width":0,"height":0},"classes":[]},{"id":11685,"url":"https:\/\/centredebienetreholistique.com\/?p=11685","url_meta":{"origin":3223,"position":5},"title":"La Politique vaccinale obligatoire n&#8217;est pas conforme \u00e0 l&#8217;\u00e9thique m\u00e9dicale ni au Droit","author":"centredebienetreholistique","date":"July 14, 2021","format":false,"excerpt":"Le forcing vaccinal n'est pas conforme ni \u00e0 l'int\u00e9r\u00eat g\u00e9n\u00e9ral de la Nation et encore moins au Droit et ce d'autant qu'il y a des alternatives cr\u00e9dibles et sup\u00e9rieures. Cette section comporte une analyse assez d\u00e9taill\u00e9e qui sera incluse dans le ebook en gestation. Pour l'instant, vu qu'aujourd'hui on est\u2026","rel":"","context":"Similar post","block_context":{"text":"Similar post","link":""},"img":{"alt_text":"","src":"","width":0,"height":0},"classes":[]}],"_links":{"self":[{"href":"https:\/\/centredebienetreholistique.com\/index.php?rest_route=\/wp\/v2\/posts\/3223"}],"collection":[{"href":"https:\/\/centredebienetreholistique.com\/index.php?rest_route=\/wp\/v2\/posts"}],"about":[{"href":"https:\/\/centredebienetreholistique.com\/index.php?rest_route=\/wp\/v2\/types\/post"}],"author":[{"embeddable":true,"href":"https:\/\/centredebienetreholistique.com\/index.php?rest_route=\/wp\/v2\/users\/1"}],"replies":[{"embeddable":true,"href":"https:\/\/centredebienetreholistique.com\/index.php?rest_route=%2Fwp%2Fv2%2Fcomments&post=3223"}],"version-history":[{"count":1,"href":"https:\/\/centredebienetreholistique.com\/index.php?rest_route=\/wp\/v2\/posts\/3223\/revisions"}],"predecessor-version":[{"id":3224,"href":"https:\/\/centredebienetreholistique.com\/index.php?rest_route=\/wp\/v2\/posts\/3223\/revisions\/3224"}],"wp:attachment":[{"href":"https:\/\/centredebienetreholistique.com\/index.php?rest_route=%2Fwp%2Fv2%2Fmedia&parent=3223"}],"wp:term":[{"taxonomy":"category","embeddable":true,"href":"https:\/\/centredebienetreholistique.com\/index.php?rest_route=%2Fwp%2Fv2%2Fcategories&post=3223"},{"taxonomy":"post_tag","embeddable":true,"href":"https:\/\/centredebienetreholistique.com\/index.php?rest_route=%2Fwp%2Fv2%2Ftags&post=3223"}],"curies":[{"name":"wp","href":"https:\/\/api.w.org\/{rel}","templated":true}]}}