{"id":3066,"date":"2020-04-18T19:11:30","date_gmt":"2020-04-18T19:11:30","guid":{"rendered":"http:\/\/centredebienetreholistique.com\/?p=3066"},"modified":"2020-04-18T19:11:30","modified_gmt":"2020-04-18T19:11:30","slug":"solutions-hydrotherapeutiques-covid-19","status":"publish","type":"post","link":"https:\/\/centredebienetreholistique.com\/?p=3066","title":{"rendered":"Solutions Hydroth\u00e9rapeutiques COVID-19"},"content":{"rendered":"","protected":true},"excerpt":{"rendered":"","protected":true},"author":1,"featured_media":0,"comment_status":"open","ping_status":"open","sticky":false,"template":"","format":"standard","meta":{"_jetpack_newsletter_access":"","footnotes":""},"categories":[1],"tags":[],"jetpack_featured_media_url":"","jetpack_sharing_enabled":true,"jetpack_shortlink":"https:\/\/wp.me\/p4FfFc-Ns","jetpack_likes_enabled":true,"jetpack-related-posts":[{"id":9888,"url":"https:\/\/centredebienetreholistique.com\/?p=9888","url_meta":{"origin":3066,"position":0},"title":"Vis medicatrix naturae et la M\u00e9decine du Shinrin-Yoku (Forest Bathing) au Centre M\u00e9diterran\u00e9en Holistique","author":"centredebienetreholistique","date":"April 28, 2021","format":false,"excerpt":"Plusieurs \u00e9tudes publi\u00e9es dans des journaux scientifiques reconnus ont montr\u00e9 que les terpenes et phytoncides \u00a0(huiles essentielles des forets, en particulier les\u00a0isoprenes, alpha-pinenes, et beta-pinenes) ainsi que microbes et virus et leurs m\u00e9tabolites dans l'air (1)\u00a0des forets biodiversif\u00e9es impactent de fa\u00e7on th\u00e9rapeutique (quantifiable) la sant\u00e9 humaine, y compris en mati\u00e8re\u2026","rel":"","context":"Similar post","block_context":{"text":"Similar post","link":""},"img":{"alt_text":"","src":"","width":0,"height":0},"classes":[]},{"id":3242,"url":"https:\/\/centredebienetreholistique.com\/?p=3242","url_meta":{"origin":3066,"position":1},"title":"D\u00e9confinement: Calendrier","author":"centredebienetreholistique","date":"May 2, 2020","format":false,"excerpt":"Le premier ministre, Edouard Philippe, a annonc\u00e9, mardi 28\u00a0avril, la strat\u00e9gie nationale de sortie du confinement \u00e0 l\u2019Assembl\u00e9e nationale, comme il s\u2019y \u00e9tait engag\u00e9. La premi\u00e8re phase de ce plan s\u2019\u00e9talera du lundi 11\u00a0mai au lundi 1er\u00a0juin. Si l\u2019\u00e9pid\u00e9mie continue de ralentir au rythme esp\u00e9r\u00e9 par les autorit\u00e9s, la seconde\u2026","rel":"","context":"Similar post","block_context":{"text":"Similar post","link":""},"img":{"alt_text":"","src":"","width":0,"height":0},"classes":[]}],"_links":{"self":[{"href":"https:\/\/centredebienetreholistique.com\/index.php?rest_route=\/wp\/v2\/posts\/3066"}],"collection":[{"href":"https:\/\/centredebienetreholistique.com\/index.php?rest_route=\/wp\/v2\/posts"}],"about":[{"href":"https:\/\/centredebienetreholistique.com\/index.php?rest_route=\/wp\/v2\/types\/post"}],"author":[{"embeddable":true,"href":"https:\/\/centredebienetreholistique.com\/index.php?rest_route=\/wp\/v2\/users\/1"}],"replies":[{"embeddable":true,"href":"https:\/\/centredebienetreholistique.com\/index.php?rest_route=%2Fwp%2Fv2%2Fcomments&post=3066"}],"version-history":[{"count":1,"href":"https:\/\/centredebienetreholistique.com\/index.php?rest_route=\/wp\/v2\/posts\/3066\/revisions"}],"predecessor-version":[{"id":3069,"href":"https:\/\/centredebienetreholistique.com\/index.php?rest_route=\/wp\/v2\/posts\/3066\/revisions\/3069"}],"wp:attachment":[{"href":"https:\/\/centredebienetreholistique.com\/index.php?rest_route=%2Fwp%2Fv2%2Fmedia&parent=3066"}],"wp:term":[{"taxonomy":"category","embeddable":true,"href":"https:\/\/centredebienetreholistique.com\/index.php?rest_route=%2Fwp%2Fv2%2Fcategories&post=3066"},{"taxonomy":"post_tag","embeddable":true,"href":"https:\/\/centredebienetreholistique.com\/index.php?rest_route=%2Fwp%2Fv2%2Ftags&post=3066"}],"curies":[{"name":"wp","href":"https:\/\/api.w.org\/{rel}","templated":true}]}}