{"id":2973,"date":"2020-03-28T20:34:33","date_gmt":"2020-03-28T20:34:33","guid":{"rendered":"http:\/\/centredebienetreholistique.com\/?p=2973"},"modified":"2024-09-01T10:41:23","modified_gmt":"2024-09-01T10:41:23","slug":"stage-dete-sur-limmunite-et-la-pandemie-actuelle","status":"publish","type":"post","link":"https:\/\/centredebienetreholistique.com\/?p=2973","title":{"rendered":"Atelier &#8220;immunit\u00e9, pand\u00e9mies et COVID 19&#8221; du Stage d&#8217;\u00e9t\u00e9 sur la Long\u00e9vit\u00e9 Optimale"},"content":{"rendered":"<h4 style=\"text-align: center;\">Descriptif de l&#8217;Atelier<\/h4>\n<p style=\"text-align: center;\">Cet \u00e9t\u00e9, si tout se passe bien et si nous avions assez de stagiaires, le Centre de bien-entre holistique enseignera un atelier &#8220;immunit\u00e9 et pand\u00e9mie&#8221;. Dams cette perspective, \u00a0plusieurs protocoles holistiques qui peuvent avoir raison du SARS COV-2 et d&#8217;autres virus seront analys\u00e9s. On \u00e9tudiera aussi les &#8220;clinical updates&#8221; de la m\u00e9decine conventionnelle ainsi que la pathophysiologie (m\u00e9canismes) de plusieurs maladies infectieuses. L&#8217;accent sera sur le COVID-19.<\/p>\n<p style=\"text-align: center;\">Ce programme s&#8217;inscrira dans le cadre du programme g\u00e9n\u00e9rale sur la long\u00e9vit\u00e9 optimale. Dans ce cadre, l&#8217;on passera en revue plusieurs protocoles holistiques qui activent les voies d&#8217;une long\u00e9vit\u00e9 optimale tout en impactant l&#8217;immunit\u00e9 et le vieillissement pr\u00e9coce.<\/p>\n<p style=\"text-align: center;\">En prioritisant les m\u00e9canismes de long\u00e9vit\u00e9 optimale, le corps devient r\u00e9silient contre les maladies microbiennes et infectieuses. Les d\u00e9couvertes r\u00e9centes montrent qu&#8217;une immunit\u00e9 forte peut se conserver au del\u00e0 de 110 ans. C&#8217;est cette immunit\u00e9 qui \u00e9limine les cellules canc\u00e9reuses, cellules endommag\u00e9s, cellules s\u00e9nescentes, cellules microbiennes d\u00e9l\u00e9t\u00e8res, virus et autres.<\/p>\n<p style=\"text-align: center;\">En couronnement \u00e0 une \u00e9tude profonde du corona-virus, on enseignera quelques mesures pratiques via d\u00e9monstration clinique, ballade en foret, m\u00e9ditation pr\u00e8s d&#8217;une chute d&#8217;eau, techniques de respiration, exercises tib\u00e9tains, yoga, nutrition holistique, aromath\u00e9rapie, h\u00e9lioth\u00e9rapie et autres techniques holistiques.<\/p>\n<p style=\"text-align: center;\">Contenu g\u00e9n\u00e9ral<\/p>\n<p style=\"text-align: center;\">1. Maladie respiratoires et COVID 19<\/p>\n<p style=\"text-align: center;\">2. Physiopathologie \u00a0(m\u00e9canismes), diagnostique et pronostique<\/p>\n<p style=\"text-align: center;\">3. Analyse de l&#8217;immunit\u00e9 humaine et de quelques pand\u00e9mies du pass\u00e9<\/p>\n<p style=\"text-align: center;\">4. Causalit\u00e9<\/p>\n<p style=\"text-align: center;\">4. Solution conventionnelle y compris vaccination<\/p>\n<p style=\"text-align: center;\">5.<a href=\"https:\/\/centredebienetreholistique.com\/?page_id=906https:\/\/centredebienetreholistique.com\/?page_id=9063\"> Solutions Holistiques<\/a>, y compris sur l&#8217;ensemble de l&#8217;immunit\u00e9 (phase inn\u00e9e et adaptive, microbiota, g\u00e9n\u00e9tique, organes et proteines pertinentes etc). Herboristerie, aromath\u00e9rapie, alimentation holistique, compl\u00e9ments, hydro-th\u00e9rapie et autres techniques holistiques.<\/p>\n<p style=\"text-align: center;\">6. Conclusion<\/p>\n<p style=\"text-align: center;\">Pour davantage de d\u00e9tails sur le contenu de cet atelier, <a href=\"https:\/\/centredebienetreholistique.com\/?page_id=3107\">voir ici.\u00a0<\/a><\/p>\n<h4 style=\"text-align: center;\">Pour Info au niveau logistique<\/h4>\n<p style=\"text-align: center;\">Sans une quinzaine \u00a0d&#8217;inscrits, ce stage pourrait etre annul\u00e9.<\/p>\n<p style=\"text-align: center;\">Pour s&#8217;inscrire, veuillez nous \u00e9crire via iuscogens@aol.com<\/p>\n<p style=\"text-align: center;\">Le d\u00e9roulement de cet atelier s&#8217;inscrit dans le cadre du<a href=\"https:\/\/centredebienetreholistique.com\/?page_id=480\"> stage sur la long\u00e9vit\u00e9 optimale (aout 20-31 2021)<\/a>.<\/p>\n<p style=\"text-align: center;\">Il est pr\u00e9vu pour la fin d&#8217;aout, cela d\u00e9pendra aussi de l&#8217;\u00e9tat du confinement et de la conjoncture.<\/p>\n<p style=\"text-align: justify;\"><span class=\"embed-youtube\" style=\"text-align:center; display: block;\"><iframe loading=\"lazy\" class=\"youtube-player\" width=\"605\" height=\"341\" src=\"https:\/\/www.youtube.com\/embed\/5DGwOJXSxqg?version=3&#038;rel=1&#038;showsearch=0&#038;showinfo=1&#038;iv_load_policy=1&#038;fs=1&#038;hl=en-US&#038;autohide=2&#038;wmode=transparent\" allowfullscreen=\"true\" style=\"border:0;\" sandbox=\"allow-scripts allow-same-origin allow-popups allow-presentation\"><\/iframe><\/span><\/p>\n<p style=\"text-align: center;\">SITE, CENTRE ET TEXTE SONT EN CONSTRUCTION<\/p>\n<p style=\"text-align: center;\">2021 (c)\u00a0<em>Centre M\u00e9diterran\u00e9en de Bien-Etre Holistique. et agents Tous Droits R\u00e9serv\u00e9s<\/em><\/p>\n<p style=\"text-align: center;\">Avertissements: Toutes les informations de ce site sont de nature \u00e9ducative et ne constituent en aucun cas des conseils juridiques, m\u00e9dicaux ou techniques. Les liens fournis ne constituent pas une approbation formelle<\/p>\n<p style=\"text-align: center;\">\n","protected":false},"excerpt":{"rendered":"<p>Descriptif de l&#8217;Atelier Cet \u00e9t\u00e9, si tout se passe bien et si nous avions assez de stagiaires, le Centre de bien-entre holistique enseignera un atelier &#8220;immunit\u00e9 et pand\u00e9mie&#8221;. Dams cette perspective, \u00a0plusieurs protocoles holistiques qui peuvent avoir raison du SARS &hellip;<\/p>\n<p class=\"read-more\"> <a class=\"more-link\" href=\"https:\/\/centredebienetreholistique.com\/?p=2973\"> <span class=\"screen-reader-text\">Atelier &#8220;immunit\u00e9, pand\u00e9mies et COVID 19&#8221; du Stage d&#8217;\u00e9t\u00e9 sur la Long\u00e9vit\u00e9 Optimale<\/span> Read More &raquo;<\/a><\/p>\n","protected":false},"author":1,"featured_media":0,"comment_status":"open","ping_status":"open","sticky":false,"template":"","format":"standard","meta":{"_jetpack_newsletter_access":"","footnotes":""},"categories":[1],"tags":[],"jetpack_featured_media_url":"","jetpack_sharing_enabled":true,"jetpack_shortlink":"https:\/\/wp.me\/p4FfFc-LX","jetpack_likes_enabled":true,"jetpack-related-posts":[{"id":311,"url":"https:\/\/centredebienetreholistique.com\/?p=311","url_meta":{"origin":2973,"position":0},"title":"Rendez-vous \u201cCanc\u00e9rologie\u201d avec le chercheur Robert Weinberg","author":"centredebienetreholistique","date":"March 29, 2015","format":false,"excerpt":"LES TRAVAUX DU PROFESSEUR WEINBERG EN CANC\u00c9ROGEN\u00c8SE: \u00a0Via les deux vid\u00e9os ci-dessous du Professeur Robert Weinberg, l\u2019une des \u2018autorit\u00e9s am\u00e9ricaines et mondiales digne d\u2019un Nobel et auteur du best seller \"Biology of Cancer\", vous pourrez mieux comprendre ou va la recherche en mati\u00e8re de canc\u00e9rologie. Dans le documentaire, Holistic Oncology\u2026","rel":"","context":"Similar post","block_context":{"text":"Similar post","link":""},"img":{"alt_text":"","src":"","width":0,"height":0},"classes":[]},{"id":11632,"url":"https:\/\/centredebienetreholistique.com\/?p=11632","url_meta":{"origin":2973,"position":1},"title":"Poste Scriptum sur l&#8217;Election Pr\u00e9sidentielle 2022","author":"centredebienetreholistique","date":"July 14, 2021","format":false,"excerpt":"Pour celles et ceux qui souhaiteraient que je confronte et d\u00e9masque directement les abus, les insuffisances et les erreurs du Pr\u00e9sident Macron et ses experts aux prochaines \u00e9lections, dite le moi via la Page M\u00e9decine Holistic de Facebook, Pour nous\u00a0suivre sur Facebook S'il y a assez de soutien, je ferais\u2026","rel":"","context":"Similar post","block_context":{"text":"Similar post","link":""},"img":{"alt_text":"","src":"https:\/\/i0.wp.com\/centredebienetreholistique.com\/wp-content\/uploads\/2015\/06\/Screen-Shot-2015-06-10-at-10.06.32-PM-300x271.png?resize=350%2C200","width":350,"height":200},"classes":[]},{"id":11685,"url":"https:\/\/centredebienetreholistique.com\/?p=11685","url_meta":{"origin":2973,"position":2},"title":"La Politique vaccinale obligatoire n&#8217;est pas conforme \u00e0 l&#8217;\u00e9thique m\u00e9dicale ni au Droit","author":"centredebienetreholistique","date":"July 14, 2021","format":false,"excerpt":"Le forcing vaccinal n'est pas conforme ni \u00e0 l'int\u00e9r\u00eat g\u00e9n\u00e9ral de la Nation et encore moins au Droit et ce d'autant qu'il y a des alternatives cr\u00e9dibles et sup\u00e9rieures. Cette section comporte une analyse assez d\u00e9taill\u00e9e qui sera incluse dans le ebook en gestation. Pour l'instant, vu qu'aujourd'hui on est\u2026","rel":"","context":"Similar post","block_context":{"text":"Similar post","link":""},"img":{"alt_text":"","src":"","width":0,"height":0},"classes":[]},{"id":1246,"url":"https:\/\/centredebienetreholistique.com\/?p=1246","url_meta":{"origin":2973,"position":3},"title":"La vaccination vue au travers du prisme du microbiome, de la science et de la m\u00e9decine holistique.","author":"centredebienetreholistique","date":"July 11, 2016","format":false,"excerpt":"Suite \u00e0 la radiation de toute \u00e9vidence abusive d'Henri Joyeux, professeur de canc\u00e9rologie, par le Conseil National de l'Ordre des M\u00e9decins, (cr\u00e9e par l'Etat de Vichy), je viens d'\u00e9couter une partie du d\u00e9bat vaccin fran\u00e7ais et je constate plusieurs carences par rapport aux d\u00e9bats scientifiques am\u00e9ricains. LE D\u00c9BAT SCIENTIFIQUE AM\u00c9RICAIN\u2026","rel":"","context":"Similar post","block_context":{"text":"Similar post","link":""},"img":{"alt_text":"","src":"","width":0,"height":0},"classes":[]},{"id":1267,"url":"https:\/\/centredebienetreholistique.com\/?p=1267","url_meta":{"origin":2973,"position":4},"title":"Le pamplemousse peut \u00eatre b\u00e9n\u00e9fique pour la r\u00e9paration des mutations g\u00e9n\u00e9tiques, le cancer, maladies m\u00e9taboliques et le vieillissement pr\u00e9coce de la peau","author":"centredebienetreholistique","date":"August 12, 2016","format":false,"excerpt":"Dans ce post, je passerais en revue quelques preuves qui confirment que le pamplemousse contient des mol\u00e9cules qui sont capables \u00a0de r\u00e9parer plusieurs types de mutations g\u00e9n\u00e9tiques \u00a0(SECTION A), \u00a0de combattre le cancer\u00a0(SECTION B)\u00a0ainsi que plusieurs d\u00e9sordres m\u00e9taboliques et le vieillissement pr\u00e9coce de la peau\u00a0(SECTION C). SECTION A R\u00c9PARATION DES\u2026","rel":"","context":"Similar post","block_context":{"text":"Similar post","link":""},"img":{"alt_text":"","src":"","width":0,"height":0},"classes":[]},{"id":9888,"url":"https:\/\/centredebienetreholistique.com\/?p=9888","url_meta":{"origin":2973,"position":5},"title":"Vis medicatrix naturae et la M\u00e9decine du Shinrin-Yoku (Forest Bathing) au Centre M\u00e9diterran\u00e9en Holistique","author":"centredebienetreholistique","date":"April 28, 2021","format":false,"excerpt":"Plusieurs \u00e9tudes publi\u00e9es dans des journaux scientifiques reconnus ont montr\u00e9 que les terpenes et phytoncides \u00a0(huiles essentielles des forets, en particulier les\u00a0isoprenes, alpha-pinenes, et beta-pinenes) ainsi que microbes et virus et leurs m\u00e9tabolites dans l'air (1)\u00a0des forets biodiversif\u00e9es impactent de fa\u00e7on th\u00e9rapeutique (quantifiable) la sant\u00e9 humaine, y compris en mati\u00e8re\u2026","rel":"","context":"Similar post","block_context":{"text":"Similar post","link":""},"img":{"alt_text":"","src":"","width":0,"height":0},"classes":[]}],"_links":{"self":[{"href":"https:\/\/centredebienetreholistique.com\/index.php?rest_route=\/wp\/v2\/posts\/2973"}],"collection":[{"href":"https:\/\/centredebienetreholistique.com\/index.php?rest_route=\/wp\/v2\/posts"}],"about":[{"href":"https:\/\/centredebienetreholistique.com\/index.php?rest_route=\/wp\/v2\/types\/post"}],"author":[{"embeddable":true,"href":"https:\/\/centredebienetreholistique.com\/index.php?rest_route=\/wp\/v2\/users\/1"}],"replies":[{"embeddable":true,"href":"https:\/\/centredebienetreholistique.com\/index.php?rest_route=%2Fwp%2Fv2%2Fcomments&post=2973"}],"version-history":[{"count":39,"href":"https:\/\/centredebienetreholistique.com\/index.php?rest_route=\/wp\/v2\/posts\/2973\/revisions"}],"predecessor-version":[{"id":14533,"href":"https:\/\/centredebienetreholistique.com\/index.php?rest_route=\/wp\/v2\/posts\/2973\/revisions\/14533"}],"wp:attachment":[{"href":"https:\/\/centredebienetreholistique.com\/index.php?rest_route=%2Fwp%2Fv2%2Fmedia&parent=2973"}],"wp:term":[{"taxonomy":"category","embeddable":true,"href":"https:\/\/centredebienetreholistique.com\/index.php?rest_route=%2Fwp%2Fv2%2Fcategories&post=2973"},{"taxonomy":"post_tag","embeddable":true,"href":"https:\/\/centredebienetreholistique.com\/index.php?rest_route=%2Fwp%2Fv2%2Ftags&post=2973"}],"curies":[{"name":"wp","href":"https:\/\/api.w.org\/{rel}","templated":true}]}}