{"id":11685,"date":"2021-07-14T09:08:49","date_gmt":"2021-07-14T09:08:49","guid":{"rendered":"http:\/\/centredebienetreholistique.com\/?p=11685"},"modified":"2021-07-16T09:20:39","modified_gmt":"2021-07-16T09:20:39","slug":"la-politique-vaccinale-obligatoire-nest-pas-conforme-a-lethique-medicale-ni-au-droit","status":"publish","type":"post","link":"https:\/\/centredebienetreholistique.com\/?p=11685","title":{"rendered":"La Politique vaccinale obligatoire n&#8217;est pas conforme \u00e0 l&#8217;\u00e9thique m\u00e9dicale ni au Droit"},"content":{"rendered":"<h4 style=\"color: rgb(0, 0, 0); text-align: center;\">Le forcing vaccinal n&#8217;est pas conforme ni \u00e0 l&#8217;int\u00e9r\u00eat g\u00e9n\u00e9ral de la Nation et encore moins au Droit et ce d&#8217;autant qu&#8217;il y a des alternatives cr\u00e9dibles et sup\u00e9rieures.<\/h4>\n<p style=\"text-align: center;\">Cette section comporte une analyse assez d\u00e9taill\u00e9e qui sera incluse dans le ebook en gestation. Pour l&#8217;instant, vu qu&#8217;aujourd&#8217;hui on est le 14 juillet, \u00a0prenez connaissance des quelques principes de base en mati\u00e8re de droit m\u00e9dical, ne serait ce que pour alimenter le d\u00e9bat publique sur cette question.<\/p>\n<p style=\"text-align: center;\">A terme et au besoin, faire signer au professionnel vaccinateur la d\u00e9claration ci-dessous, ca pourrait \u00eatre dissuasif et avoir un impact.<\/p>\n<p style=\"text-align: center;\"><strong style=\"font-style: inherit;\">RAPPEL DES PRINCIPES FONDAMENTAUX CONCERNANT LE CONSENTEMENT LIBRE ET \u00c9CLAIR<strong style=\"font-style: inherit;\">\u00c9<\/strong>\u00a0DES MALADES\u00a0<\/strong><\/p>\n<p style=\"text-align: center;\"><strong style=\"font-style: inherit;\">La Convention d\u2019Oviedo sur les Droits de l\u2019Homme et la biom\u00e9decine de 1997 impose, en son article\u00a05\u00a0:<\/strong><\/p>\n<blockquote style=\"font-style: italic; color: #444444;\">\n<p style=\"text-align: center;\">\u00ab\u00a0Une intervention dans le domaine de la sant\u00e9 ne peut \u00eatre effectu\u00e9e qu\u2019apr\u00e8s que la personne concern\u00e9e y a donn\u00e9 son consentement libre et \u00e9clair\u00e9.Cette personne re\u00e7oit pr\u00e9alablement une information ad\u00e9quate quant au but et \u00e0 la nature de l\u2019intervention ainsi que quant \u00e0 ses cons\u00e9quences et ses risques.\u00a0\u00bb<\/p>\n<\/blockquote>\n<p style=\"text-align: center;\"><strong style=\"font-style: inherit;\">L\u2019article 16-3 du Code civil dispose encore :<\/strong><\/p>\n<blockquote style=\"font-style: italic; color: #444444;\">\n<p style=\"text-align: center;\">\u00ab\u00a0Il ne peut \u00eatre port\u00e9 atteinte \u00e0 l\u2019int\u00e9grit\u00e9 du corps humain qu\u2019en cas de n\u00e9cessit\u00e9 m\u00e9dicale pour la personne ou \u00e0 titre exceptionnel dans l\u2019int\u00e9r\u00eat th\u00e9rapeutique d\u2019autrui. Le consentement de l\u2019int\u00e9ress\u00e9 doit \u00eatre recueilli pr\u00e9alablement hors le cas o\u00f9 son \u00e9tat rend n\u00e9cessaire une intervention th\u00e9rapeutique \u00e0 laquelle il n\u2019est pas \u00e0 m\u00eame de consentir.\u00a0\u00bb<\/p>\n<\/blockquote>\n<p style=\"text-align: center;\"><strong style=\"font-style: inherit;\">L\u2019article L1111-4 du code de la sant\u00e9 publique pr\u00e9voit\u00a0:<\/strong><\/p>\n<blockquote style=\"font-style: italic; color: #444444;\">\n<p style=\"text-align: center;\">\u00ab\u00a0Aucun acte m\u00e9dical ni aucun traitement ne peut \u00eatre pratiqu\u00e9 sans le consentement libre et \u00e9clair\u00e9 de la personne et ce consentement peut \u00eatre retir\u00e9 \u00e0 tout moment\u00a0\u00bb.<\/p>\n<p style=\"text-align: center;\">Cette obligation t reprise \u00e0 l\u2019article R4127-36 du code de la sant\u00e9 publique ainsi qu\u2019\u00e0 l\u2019article 36 du code de d\u00e9ontologie des m\u00e9decins.<\/p>\n<\/blockquote>\n<p style=\"text-align: center;\"><strong style=\"font-style: inherit;\">RAPPEL DES OBLIGATIONS INCOMBANT AU M<strong style=\"font-style: inherit;\">\u00c9<\/strong>DECIN DANS SA RELATION AVEC LE PATIENT<\/strong><\/p>\n<p style=\"text-align: center;\"><strong style=\"font-style: inherit;\">Ces obligations sont rappel\u00e9es dans le code de la sant\u00e9 publique\u00a0:<\/strong><\/p>\n<p style=\"text-align: center;\"><strong style=\"font-style: inherit;\">En son article L1111-2\u00a0<\/strong><\/p>\n<blockquote style=\"font-style: italic; color: #444444;\">\n<p style=\"text-align: center;\">\u00ab\u00a0Toute personne a le droit d\u2019\u00eatre inform\u00e9e sur son \u00e9tat de sant\u00e9. Cette information porte sur les diff\u00e9rentes investigations, traitements ou actions de pr\u00e9vention qui sont propos\u00e9s, leur utilit\u00e9, leur urgence \u00e9ventuelle, leurs cons\u00e9quences, les risques fr\u00e9quents ou graves normalement pr\u00e9visibles qu\u2019ils comportent ainsi que sur les autres solutions possibles et sur les cons\u00e9quences pr\u00e9visibles en cas de refus. Lorsque, post\u00e9rieurement \u00e0 l\u2019ex\u00e9cution des investigations, traitements ou actions de pr\u00e9vention, des risques nouveaux sont identifi\u00e9s, la personne concern\u00e9e doit en \u00eatre inform\u00e9e, sauf en cas d\u2019impossibilit\u00e9 de la retrouver.Cette information incombe \u00e0 tout professionnel de sant\u00e9 dans le cadre de ses comp\u00e9tences et dans le respect des r\u00e8gles professionnelles qui lui sont applicables. Seules l\u2019urgence ou l\u2019impossibilit\u00e9 d\u2019informer peuvent l\u2019en dispenser.\u00a0\u00bb<\/p>\n<\/blockquote>\n<p style=\"text-align: center;\"><strong style=\"font-style: inherit;\">En son article R4127-34\u00a0<\/strong><\/p>\n<blockquote style=\"font-style: italic; color: #444444;\">\n<p style=\"text-align: center;\">\u00ab\u00a0Le m\u00e9decin doit \u00e0 la personne qu\u2019il examine, qu\u2019il soigne ou qu\u2019il conseille une information loyale, claire et appropri\u00e9e sur son \u00e9tat, les investigations et les soins qu\u2019il lui propose. Tout au long de la maladie, il tient compte de la personnalit\u00e9 du patient dans ses explications et veille \u00e0 leur compr\u00e9hension.\u00a0\u00bb<\/p>\n<\/blockquote>\n<p style=\"text-align: center;\"><strong style=\"font-style: inherit;\">Voir aussi l\u2019article 35 du code de d\u00e9ontologie des m\u00e9decins.<\/strong><\/p>\n<p style=\"text-align: center;\"><strong style=\"font-style: inherit;\">En son article R4127-39\u00a0<\/strong><\/p>\n<blockquote style=\"font-style: italic; color: #444444;\">\n<p style=\"text-align: center;\">\u00ab\u00a0Les m\u00e9decins ne peuvent proposer aux malades ou \u00e0 leur entourage comme salutaire ou sans danger un rem\u00e8de ou un proc\u00e9d\u00e9 illusoire ou insuffisamment \u00e9prouv\u00e9. Toute pratique de charlatanisme est interdite.\u00a0\u00bb<\/p>\n<p style=\"text-align: center;\">A ce sujet,\u00a0je suis en train d&#8217;\u00e9crire un ebook sur les limites de l&#8217;approche conventionnelle de l&#8217;Etat et\u00a0la sup\u00e9riorit\u00e9 clinique de la M\u00e9decine holistique\u00a0en mati\u00e8re de la COVID, dont le r\u00e9sum\u00e9 sera post\u00e9 quand possible<\/p>\n<\/blockquote>\n<p style=\"text-align: center;\"><a href=\"https:\/\/centredebienetreholistique.com\/wp-content\/uploads\/2014\/12\/gavelbirdside.jpg\"><img data-attachment-id=\"60\" data-permalink=\"https:\/\/centredebienetreholistique.com\/?attachment_id=60\" data-orig-file=\"https:\/\/centredebienetreholistique.com\/wp-content\/uploads\/2014\/12\/gavelbirdside.jpg\" data-orig-size=\"259,194\" data-comments-opened=\"1\" data-image-meta=\"{&quot;aperture&quot;:&quot;0&quot;,&quot;credit&quot;:&quot;&quot;,&quot;camera&quot;:&quot;&quot;,&quot;caption&quot;:&quot;&quot;,&quot;created_timestamp&quot;:&quot;0&quot;,&quot;copyright&quot;:&quot;&quot;,&quot;focal_length&quot;:&quot;0&quot;,&quot;iso&quot;:&quot;0&quot;,&quot;shutter_speed&quot;:&quot;0&quot;,&quot;title&quot;:&quot;&quot;}\" data-image-title=\"gavelbirdside\" data-image-description=\"\" data-image-caption=\"&lt;p&gt;Formation (atelier) en Droit m\u00e9dical pour professionnels de sant\u00e9 pratiquant la science h\u00e9r\u00e9tique&lt;\/p&gt;\n\" data-medium-file=\"https:\/\/centredebienetreholistique.com\/wp-content\/uploads\/2014\/12\/gavelbirdside.jpg\" data-large-file=\"https:\/\/centredebienetreholistique.com\/wp-content\/uploads\/2014\/12\/gavelbirdside.jpg\" decoding=\"async\" loading=\"lazy\" class=\" wp-image-60 aligncenter\" src=\"https:\/\/centredebienetreholistique.com\/wp-content\/uploads\/2014\/12\/gavelbirdside.jpg\" alt=\"&lt;a\" width=\"154\" height=\"115\" srcset=\"https:\/\/centredebienetreholistique.com\/wp-content\/uploads\/2014\/12\/gavelbirdside.jpg 259w, https:\/\/centredebienetreholistique.com\/wp-content\/uploads\/2014\/12\/gavelbirdside-100x74.jpg 100w, https:\/\/centredebienetreholistique.com\/wp-content\/uploads\/2014\/12\/gavelbirdside-150x112.jpg 150w, https:\/\/centredebienetreholistique.com\/wp-content\/uploads\/2014\/12\/gavelbirdside-200x149.jpg 200w\" sizes=\"(max-width: 154px) 100vw, 154px\" \/><\/a><\/p>\n<h6 style=\"text-align: center;\">Pour nos ateliers et formation \u00a0juridique en mati\u00e8re de protection de la m\u00e9decine holistique et des th\u00e9rapeutes holistiques devant l&#8217;arbitraire, \u00a0<a href=\"https:\/\/centredebienetreholistique.com\/?page_id=141\">voir ce lien<\/a><\/h6>\n<p style=\"font-style: italic; color: #444444; text-align: center;\">Texte en construction<\/p>\n<p style=\"font-style: italic; color: #444444; text-align: center;\">2021 (c) Le Centre M\u00e9diterran\u00e9en de Bien-\u00eatre Holistique et ses agents<\/p>\n<p style=\"font-style: italic; color: #444444; text-align: center;\">Avertissements: Toutes les informations de ce site sont de nature \u00e9ducative et ne constituent en aucun cas des conseils juridiques, m\u00e9dicaux ou techniques. Les liens fournis ne constituent pas une approbation formelle<\/p>\n","protected":false},"excerpt":{"rendered":"<p>Le forcing vaccinal n&#8217;est pas conforme ni \u00e0 l&#8217;int\u00e9r\u00eat g\u00e9n\u00e9ral de la Nation et encore moins au Droit et ce d&#8217;autant qu&#8217;il y a des alternatives cr\u00e9dibles et sup\u00e9rieures. Cette section comporte une analyse assez d\u00e9taill\u00e9e qui sera incluse dans &hellip;<\/p>\n<p class=\"read-more\"> <a class=\"more-link\" href=\"https:\/\/centredebienetreholistique.com\/?p=11685\"> <span class=\"screen-reader-text\">La Politique vaccinale obligatoire n&#8217;est pas conforme \u00e0 l&#8217;\u00e9thique m\u00e9dicale ni au Droit<\/span> Read More &raquo;<\/a><\/p>\n","protected":false},"author":1,"featured_media":0,"comment_status":"open","ping_status":"open","sticky":false,"template":"","format":"standard","meta":{"_jetpack_newsletter_access":"","footnotes":""},"categories":[1],"tags":[],"jetpack_featured_media_url":"","jetpack_sharing_enabled":true,"jetpack_shortlink":"https:\/\/wp.me\/p4FfFc-32t","jetpack_likes_enabled":true,"jetpack-related-posts":[{"id":11632,"url":"https:\/\/centredebienetreholistique.com\/?p=11632","url_meta":{"origin":11685,"position":0},"title":"Poste Scriptum sur l&#8217;Election Pr\u00e9sidentielle 2022","author":"centredebienetreholistique","date":"July 14, 2021","format":false,"excerpt":"Pour celles et ceux qui souhaiteraient que je confronte et d\u00e9masque directement les abus, les insuffisances et les erreurs du Pr\u00e9sident Macron et ses experts aux prochaines \u00e9lections, dite le moi via la Page M\u00e9decine Holistic de Facebook, Pour nous\u00a0suivre sur Facebook S'il y a assez de soutien, je ferais\u2026","rel":"","context":"Similar post","block_context":{"text":"Similar post","link":""},"img":{"alt_text":"","src":"https:\/\/i0.wp.com\/centredebienetreholistique.com\/wp-content\/uploads\/2015\/06\/Screen-Shot-2015-06-10-at-10.06.32-PM-300x271.png?resize=350%2C200","width":350,"height":200},"classes":[]},{"id":1246,"url":"https:\/\/centredebienetreholistique.com\/?p=1246","url_meta":{"origin":11685,"position":1},"title":"La vaccination vue au travers du prisme du microbiome, de la science et de la m\u00e9decine holistique.","author":"centredebienetreholistique","date":"July 11, 2016","format":false,"excerpt":"Suite \u00e0 la radiation de toute \u00e9vidence abusive d'Henri Joyeux, professeur de canc\u00e9rologie, par le Conseil National de l'Ordre des M\u00e9decins, (cr\u00e9e par l'Etat de Vichy), je viens d'\u00e9couter une partie du d\u00e9bat vaccin fran\u00e7ais et je constate plusieurs carences par rapport aux d\u00e9bats scientifiques am\u00e9ricains. LE D\u00c9BAT SCIENTIFIQUE AM\u00c9RICAIN\u2026","rel":"","context":"Similar post","block_context":{"text":"Similar post","link":""},"img":{"alt_text":"","src":"","width":0,"height":0},"classes":[]},{"id":11682,"url":"https:\/\/centredebienetreholistique.com\/?p=11682","url_meta":{"origin":11685,"position":2},"title":"D\u00e9claration de responsabilit\u00e9 vaccinale \u00e0 faire signer par le vaccinateur","author":"centredebienetreholistique","date":"July 14, 2021","format":false,"excerpt":"En d\u00e9pit des clauses d'irresponsabilit\u00e9 sign\u00e9es entre les firmes pharmaceutiques qui produisent ces vaccins et leur distributeurs, si jamais il y des effets nocifs vaccinaux pour un vaccin\u00e9, un engagement \u00e9crit de non nocivit\u00e9 pourrait \u00eatre utile en droit. Mais il ne faudrait \u00a0pas se faire \u00a0d'illusion. Peu de vaccinateur\u2026","rel":"","context":"Similar post","block_context":{"text":"Similar post","link":""},"img":{"alt_text":"","src":"","width":0,"height":0},"classes":[]},{"id":3242,"url":"https:\/\/centredebienetreholistique.com\/?p=3242","url_meta":{"origin":11685,"position":3},"title":"D\u00e9confinement: Calendrier","author":"centredebienetreholistique","date":"May 2, 2020","format":false,"excerpt":"Le premier ministre, Edouard Philippe, a annonc\u00e9, mardi 28\u00a0avril, la strat\u00e9gie nationale de sortie du confinement \u00e0 l\u2019Assembl\u00e9e nationale, comme il s\u2019y \u00e9tait engag\u00e9. La premi\u00e8re phase de ce plan s\u2019\u00e9talera du lundi 11\u00a0mai au lundi 1er\u00a0juin. Si l\u2019\u00e9pid\u00e9mie continue de ralentir au rythme esp\u00e9r\u00e9 par les autorit\u00e9s, la seconde\u2026","rel":"","context":"Similar post","block_context":{"text":"Similar post","link":""},"img":{"alt_text":"","src":"","width":0,"height":0},"classes":[]},{"id":12296,"url":"https:\/\/centredebienetreholistique.com\/?p=12296","url_meta":{"origin":11685,"position":4},"title":"Le Secteur du Cannabis, fond\u00e9 sur une science robuste, va bient\u00f4t approcher 60 milliards de dollars l\u00e9gitimes en Am\u00e9rique: Pourquoi un tel manquement et-ou aveuglement parmi les autorit\u00e9s fran\u00e7aises ?","author":"centredebienetreholistique","date":"October 5, 2021","format":false,"excerpt":"D\u2019ici 2027, le secteur du cannabis pourrait valoir 57 milliards de dollars. Voici comment en profiter Au cours des derni\u00e8res ann\u00e9es, le monde a appris \u00e0 conna\u00eetre le cannabis et ses qualit\u00e9s m\u00e9dicinales. Des recherches ont \u00e9t\u00e9 men\u00e9es et document\u00e9es sur la contribution du cannabis au soulagement de la douleur,\u2026","rel":"","context":"Similar post","block_context":{"text":"Similar post","link":""},"img":{"alt_text":"","src":"","width":0,"height":0},"classes":[]},{"id":984,"url":"https:\/\/centredebienetreholistique.com\/?p=984","url_meta":{"origin":11685,"position":5},"title":"L&#8217;esprit de la M\u00e9decine Holistique et de son Centre Pyr\u00e9n\u00e9en","author":"centredebienetreholistique","date":"November 5, 2015","format":false,"excerpt":"Outre d'autres \u00e9l\u00e9ments de la sant\u00e9 holistique, tel l'\u00e9nerg\u00e9tique, le micro-environnement, la biophysique, \"l'aspect l'musculo-skeletal\",\u00a0la biochimie (ce qui comprend la nutrition clinique, la phytoth\u00e9rapie et l'hydroth\u00e9rapie), le chamanisme, l'\u00e9pig\u00e9n\u00e9tique et plus d'une douzaine d'autres \u00e9l\u00e9ments qui sont enseign\u00e9s au\u00a0Centre de M\u00e9decine Holistique, \u00a0ainsi que dans d'autres Centres de la m\u00e9decine\u2026","rel":"","context":"Similar post","block_context":{"text":"Similar post","link":""},"img":{"alt_text":"","src":"https:\/\/i0.wp.com\/centredebienetreholistique.com\/wp-content\/uploads\/2014\/12\/boudhamaison-225x300.jpg?resize=350%2C200","width":350,"height":200},"classes":[]}],"_links":{"self":[{"href":"https:\/\/centredebienetreholistique.com\/index.php?rest_route=\/wp\/v2\/posts\/11685"}],"collection":[{"href":"https:\/\/centredebienetreholistique.com\/index.php?rest_route=\/wp\/v2\/posts"}],"about":[{"href":"https:\/\/centredebienetreholistique.com\/index.php?rest_route=\/wp\/v2\/types\/post"}],"author":[{"embeddable":true,"href":"https:\/\/centredebienetreholistique.com\/index.php?rest_route=\/wp\/v2\/users\/1"}],"replies":[{"embeddable":true,"href":"https:\/\/centredebienetreholistique.com\/index.php?rest_route=%2Fwp%2Fv2%2Fcomments&post=11685"}],"version-history":[{"count":1,"href":"https:\/\/centredebienetreholistique.com\/index.php?rest_route=\/wp\/v2\/posts\/11685\/revisions"}],"predecessor-version":[{"id":11686,"href":"https:\/\/centredebienetreholistique.com\/index.php?rest_route=\/wp\/v2\/posts\/11685\/revisions\/11686"}],"wp:attachment":[{"href":"https:\/\/centredebienetreholistique.com\/index.php?rest_route=%2Fwp%2Fv2%2Fmedia&parent=11685"}],"wp:term":[{"taxonomy":"category","embeddable":true,"href":"https:\/\/centredebienetreholistique.com\/index.php?rest_route=%2Fwp%2Fv2%2Fcategories&post=11685"},{"taxonomy":"post_tag","embeddable":true,"href":"https:\/\/centredebienetreholistique.com\/index.php?rest_route=%2Fwp%2Fv2%2Ftags&post=11685"}],"curies":[{"name":"wp","href":"https:\/\/api.w.org\/{rel}","templated":true}]}}