{"id":11632,"date":"2021-07-14T11:11:17","date_gmt":"2021-07-14T11:11:17","guid":{"rendered":"http:\/\/centredebienetreholistique.com\/?p=11632"},"modified":"2021-07-16T09:31:28","modified_gmt":"2021-07-16T09:31:28","slug":"poste-scriptum-sur-lelection-presidentielle-2022","status":"publish","type":"post","link":"https:\/\/centredebienetreholistique.com\/?p=11632","title":{"rendered":"Poste Scriptum sur l&#8217;Election Pr\u00e9sidentielle 2022"},"content":{"rendered":"<p style=\"font-style: italic; color: #444444; text-align: center;\">Pour celles et ceux qui souhaiteraient que je confronte et d\u00e9masque directement les abus, les insuffisances et les erreurs du Pr\u00e9sident Macron et ses experts aux prochaines \u00e9lections, dite le moi via la Page M\u00e9decine Holistic de Facebook,<\/p>\n<p style=\"font-style: italic; color: #444444; text-align: center;\">Pour nous<a href=\"https:\/\/www.facebook.com\/medecineholistic\/?ref=pages_you_manage\">\u00a0suivre sur Facebook<\/a><\/p>\n<p style=\"font-style: italic; color: #444444; text-align: center;\">S&#8217;il y a assez de soutien, je ferais un site sp\u00e9cial, qui sera fond\u00e9 sur mon ebook Covid et mon exp\u00e9rience en m\u00e9decine, droit et politique, lequel sera envoy\u00e9 aux &#8220;grands \u00e9lecteurs&#8221; afin de recueillir les 500 signatures qui sont n\u00e9cessaires pour se pr\u00e9senter \u00e0 ce poste.<\/p>\n<p style=\"font-style: italic; color: #444444; text-align: center;\">Toutefois, faut agir vite si vous vouliez que j&#8217;intervienne dans ce sens.<\/p>\n<p style=\"font-style: italic; color: #444444; text-align: center;\">Pour m\u00e9moire, j&#8217;avais cr\u00e9e une liste \u00e9lectorale lors des \u00e9lections europ\u00e9ennes de 2004 avec une vingtaine de candidats (surtout des th\u00e9rapeutes holistiques et \u00e9cologistes) pour faire valoir la sup\u00e9riorit\u00e9 clinique de la m\u00e9decine holistique par rapport \u00e0 la m\u00e9decine officielle.<\/p>\n<p style=\"font-style: italic; color: #444444; text-align: center;\">On a eu des voies, mais pas assez pour \u00eatre \u00e9lus au Parlement Europ\u00e9en. \u00a0En effet, \u00a0plusieurs pr\u00e9fets nous ons annul\u00e9 parce que j&#8217;ai propos\u00e9 de voter via nos bulletins en ligne, \u00a0en les imprimant directement sur notre site. Cela faisait bcp d&#8217;\u00e9conomie. Mais ces \u00a0pr\u00e9fets qui \u00a0ont annul\u00e9 cette modalit\u00e9 de vote estimaient que cette nouvelle fa\u00e7on de faire n&#8217;\u00e9tait pas conforme \u00e0 leur pr\u00e9jug\u00e9s et \u00e0 leur lecture du droit \u00e9lectoral..<\/p>\n<p style=\"font-style: italic; color: #444444; text-align: center;\">D&#8217;autre part, en Am\u00e9rique, en 2008, \u00a0j&#8217;ai constitu\u00e9 dans un des Etats de l&#8217;Union am\u00e9ricaine les plus performants et les plus importants pour ce qui est de l&#8217;avenir des USA, \u00a0la troisi\u00e8me force politique sur la base de la m\u00e9decine holistique. J&#8217;ai eu deux fois \u00a0plus de votes que le parti Vert \u00a0am\u00e9ricain et comme force politique, en vote, \u00a0mon score suivait ceux des partis D\u00e9mocrate et R\u00e9publicain.<\/p>\n<p style=\"font-style: italic; color: #444444; text-align: center;\">Tous les documents seront accessibles sur le nouveau site, si jamais la Providence et vous le Peuple m&#8217;inspirent \u00e0 actionner ce projet de cr\u00e9ation d&#8217;une Soci\u00e9t\u00e9 holistique fond\u00e9e sur une m\u00e9decine compl\u00e8tement diff\u00e9rente de celle qui est actuellement en train de tuer le Peuple via intervention iatrog\u00e8ne. Aux USA, la m\u00e9decine officielle est reconnue comme \u00e9tant la troisi\u00e8me cause de mort pr\u00e9matur\u00e9e et de souffrance collective.<\/p>\n<p style=\"font-style: italic; color: #444444; text-align: center;\">Je connais mieux le politique, la m\u00e9decine et le droit aux USA qu&#8217;en France, mais vu que les dirigeant fran\u00e7ais essaient de copier le pire de ce que se passe en Am\u00e9rique, je pourrais apporter du &#8220;sang neuf&#8221; et une action \u00a0p\u00e9dagogique \u00a0en vue de corriger la d\u00e9rive sectaire et totalitaire de ceux et de celles qui contr\u00f4lent les rouages de l&#8217;Etat.<\/p>\n<p style=\"font-style: italic; color: #444444; text-align: center;\">Encore sans assez de soutien via la page Facebook ci-dessous rappel\u00e9e, il n&#8217;y aurait pas de site ou d&#8217;autre liens style t\u00e9l\u00e9gramme ou Odyss\u00e9e pour contribuer \u00e0 corriger les abus, les insuffisances et les erreurs des agents de l&#8217;Etat.<\/p>\n<p style=\"color: #000000; text-align: center;\">Fait ce 14 Juillet 2021.<\/p>\n<p style=\"color: #000000; text-align: center;\">Pr Joubert (ancien enseignant en droit public et expert en m\u00e9decine holistique)<\/p>\n<p><a href=\"https:\/\/centredebienetreholistique.com\/wp-content\/uploads\/2020\/06\/Screenshot-2021-05-08-at-10.58.53.png\"><img data-attachment-id=\"10182\" data-permalink=\"https:\/\/centredebienetreholistique.com\/?attachment_id=10182\" data-orig-file=\"https:\/\/centredebienetreholistique.com\/wp-content\/uploads\/2020\/06\/Screenshot-2021-05-08-at-10.58.53.png\" data-orig-size=\"298,377\" data-comments-opened=\"1\" data-image-meta=\"{&quot;aperture&quot;:&quot;0&quot;,&quot;credit&quot;:&quot;&quot;,&quot;camera&quot;:&quot;&quot;,&quot;caption&quot;:&quot;&quot;,&quot;created_timestamp&quot;:&quot;0&quot;,&quot;copyright&quot;:&quot;&quot;,&quot;focal_length&quot;:&quot;0&quot;,&quot;iso&quot;:&quot;0&quot;,&quot;shutter_speed&quot;:&quot;0&quot;,&quot;title&quot;:&quot;&quot;}\" data-image-title=\"Screenshot 2021-05-08 at 10.58.53\" data-image-description=\"\" data-image-caption=\"\" data-medium-file=\"https:\/\/centredebienetreholistique.com\/wp-content\/uploads\/2020\/06\/Screenshot-2021-05-08-at-10.58.53-237x300.png\" data-large-file=\"https:\/\/centredebienetreholistique.com\/wp-content\/uploads\/2020\/06\/Screenshot-2021-05-08-at-10.58.53.png\" decoding=\"async\" loading=\"lazy\" class=\"wp-image-10182 aligncenter\" src=\"https:\/\/centredebienetreholistique.com\/wp-content\/uploads\/2020\/06\/Screenshot-2021-05-08-at-10.58.53-237x300.png\" alt=\"Screenshot 2021-05-08 at 10.58.53\" width=\"134\" height=\"170\" srcset=\"https:\/\/centredebienetreholistique.com\/wp-content\/uploads\/2020\/06\/Screenshot-2021-05-08-at-10.58.53-237x300.png 237w, https:\/\/centredebienetreholistique.com\/wp-content\/uploads\/2020\/06\/Screenshot-2021-05-08-at-10.58.53-100x126.png 100w, https:\/\/centredebienetreholistique.com\/wp-content\/uploads\/2020\/06\/Screenshot-2021-05-08-at-10.58.53-150x189.png 150w, https:\/\/centredebienetreholistique.com\/wp-content\/uploads\/2020\/06\/Screenshot-2021-05-08-at-10.58.53-200x253.png 200w, https:\/\/centredebienetreholistique.com\/wp-content\/uploads\/2020\/06\/Screenshot-2021-05-08-at-10.58.53.png 298w\" sizes=\"(max-width: 134px) 100vw, 134px\" \/><\/a><\/p>\n<p style=\"text-align: center;\">\u00a0Pr\u00e9cisons que dans une Soci\u00e9t\u00e9 Holistique, il y aurait &#8220;table rase&#8221; dans plein de domaines, surtout en m\u00e9decine, en droit, dans l&#8217;\u00e9ducation, en \u00e9conomie et dans l&#8217;am\u00e9nagement du territoire. Comme en 2004, nous proposerions une structure d&#8217;\u00e9co-communaut\u00e9 \u00a0et-ou \u00e9co-village comme unit\u00e9 de base de cette Nouvelle Soci\u00e9t\u00e9.<\/p>\n<dl id=\"attachment_792\" class=\"wp-caption aligncenter\" style=\"width: 244px;\">\n<dt class=\"wp-caption-dt\"><a href=\"https:\/\/centredebienetreholistique.com\/wp-content\/uploads\/2015\/06\/Screen-Shot-2015-06-10-at-10.06.32-PM.png\"><img data-attachment-id=\"792\" data-permalink=\"https:\/\/centredebienetreholistique.com\/?attachment_id=792\" data-orig-file=\"https:\/\/centredebienetreholistique.com\/wp-content\/uploads\/2015\/06\/Screen-Shot-2015-06-10-at-10.06.32-PM.png\" data-orig-size=\"397,359\" data-comments-opened=\"1\" data-image-meta=\"{&quot;aperture&quot;:&quot;0&quot;,&quot;credit&quot;:&quot;&quot;,&quot;camera&quot;:&quot;&quot;,&quot;caption&quot;:&quot;&quot;,&quot;created_timestamp&quot;:&quot;0&quot;,&quot;copyright&quot;:&quot;&quot;,&quot;focal_length&quot;:&quot;0&quot;,&quot;iso&quot;:&quot;0&quot;,&quot;shutter_speed&quot;:&quot;0&quot;,&quot;title&quot;:&quot;&quot;}\" data-image-title=\"Screen Shot 2015-06-10 at 10.06.32 PM\" data-image-description=\"\" data-image-caption=\"&lt;p&gt;Les limites de la m\u00e9decien conventionnelle&lt;\/p&gt;\n\" data-medium-file=\"https:\/\/centredebienetreholistique.com\/wp-content\/uploads\/2015\/06\/Screen-Shot-2015-06-10-at-10.06.32-PM-300x271.png\" data-large-file=\"https:\/\/centredebienetreholistique.com\/wp-content\/uploads\/2015\/06\/Screen-Shot-2015-06-10-at-10.06.32-PM.png\" decoding=\"async\" loading=\"lazy\" class=\" wp-image-792\" src=\"https:\/\/centredebienetreholistique.com\/wp-content\/uploads\/2015\/06\/Screen-Shot-2015-06-10-at-10.06.32-PM-300x271.png\" alt=\"Les limites de la m\u00e9decien conventionnelle\" width=\"234\" height=\"211\" srcset=\"https:\/\/centredebienetreholistique.com\/wp-content\/uploads\/2015\/06\/Screen-Shot-2015-06-10-at-10.06.32-PM-300x271.png 300w, https:\/\/centredebienetreholistique.com\/wp-content\/uploads\/2015\/06\/Screen-Shot-2015-06-10-at-10.06.32-PM-100x90.png 100w, https:\/\/centredebienetreholistique.com\/wp-content\/uploads\/2015\/06\/Screen-Shot-2015-06-10-at-10.06.32-PM-150x135.png 150w, https:\/\/centredebienetreholistique.com\/wp-content\/uploads\/2015\/06\/Screen-Shot-2015-06-10-at-10.06.32-PM-200x180.png 200w, https:\/\/centredebienetreholistique.com\/wp-content\/uploads\/2015\/06\/Screen-Shot-2015-06-10-at-10.06.32-PM.png 397w\" sizes=\"(max-width: 234px) 100vw, 234px\" \/><\/a><\/dt>\n<dd class=\"wp-caption-dd\">L&#8217;un des P\u00e8res fondateurs de la m\u00e9decine modernee<\/dd>\n<\/dl>\n<h4 style=\"font-style: italic; color: #444444; text-align: center;\">La Campagne vaccinale forc\u00e9e et La ligne de Maginot, symbole de la D\u00e9faite de 1940<\/h4>\n<p style=\"font-style: italic; color: #444444; text-align: center;\">La\u00a0ligne Magino<b>t<\/b>, du nom du\u00a0ministre de la Guerre\u00a0Andr\u00e9 Maginot, \u00e9taient une\u00a0ligne de fortifications\u00a0construite par la\u00a0France\u00a0le long de sa\u00a0fronti\u00e8re\u00a0avec la\u00a0Belgique, le\u00a0Luxembourg, l&#8217;Allemagne, la\u00a0Suisse\u00a0et l&#8217;Italie\u00a0de 1928 \u00e0 1940.\u00a0\u00a0La mission de ces fortifications \u00e9tait \u00e0 l&#8217;origine de prot\u00e9ger le territoire fran\u00e7ais d&#8217;une attaque brusqu\u00e9e, laissant le temps \u00e0 l&#8217;arm\u00e9e de terminer sa\u00a0mobilisation.\u00a0Bien qu&#8217;utilis\u00e9es pendant les\u00a0combats de mai-juin 1940, ces fortifications n&#8217;emp\u00eachent pas la d\u00e9faite fran\u00e7aise, \u00e0 tel point que l&#8217;expression\u00a0<strong>\u00ab\u00a0ligne Maginot\u00a0\u00bb est devenue<\/strong><span id=\"cite_ref-1\" class=\"reference\"><strong>\u00a0synonyme d&#8217;une d\u00e9fense qu&#8217;on croyait inviolable, mais qui s&#8217;est r\u00e9v\u00e8l\u00e9e inefficace<\/strong>.\u00a0<a href=\"https:\/\/www.histoire-pour-tous.fr\/dossiers\/1703-la-ligne-maginot-symbole-dune-defaite-12.html\">Source<\/a><\/span><\/p>\n<p style=\"font-style: italic; color: #444444; text-align: center;\">Pour moi, la campagne vaccinale des \u00e9lites en g\u00e9n\u00e9rale et de la France en particulier rel\u00e8ve de la<strong>meme erreur.<\/strong>Une erreur qui est structurelle, tr\u00e8s profonde et qui ronge de l&#8217;int\u00e9rieur l&#8217;ensemble de la m\u00e9decine officielle. Celle-ci est devenue trop souvent un moyen de contr\u00f4le et de profit plut\u00f4t qu&#8217;un v\u00e9ritable syst\u00e8me de soin. \u00a0<strong>Sans traiter les v\u00e9ritables causes avec une approche holistique,<\/strong>comme je le fais dans le ebook en gestation, l'&#8221;ennemi&#8221;, le virus,\u00a0<strong>deviendra d&#8217;autant plus virulent que les m\u00e9thodes violentes et \u00e0 symptomatiques destin\u00e9es \u00e0 le d\u00e9truire se multiplieront.<\/strong><\/p>\n<p style=\"font-style: italic; color: #444444; text-align: center;\">Il y a tout simplement une autre approche et elle s&#8217;inspire\u00a0<strong>de l&#8217;\u00e9thique et de la pens\u00e9e holistique<\/strong>dont\u00a0<a href=\"https:\/\/en.wikipedia.org\/wiki\/Noam_Chomsky\">Noam Chomsky<\/a>, 97 ans, auteur de plus de 150 livres de r\u00e9f\u00e9rence, \u00a0fait bri\u00e8vement \u00e9tat\u00a0<a href=\"https:\/\/www.youtube.com\/watch?v=ASPTDg_3ADE\">via ce lien.<\/a><\/p>\n<p style=\"font-style: italic; color: #444444; text-align: center;\">Comme Chomsky le rappelle, la pand\u00e9mie de la tyrannie, de\u00a0<strong>la d\u00e9t\u00e9rioration de la D\u00e9mocratie\u00a0<\/strong>est la pire des pand\u00e9mies car c&#8217;est elle qui produit pratiquement toutes nos emmerdes (grandes difficult\u00e9s). En ne r\u00e9sistant pas \u00e0 ce qu&#8217;il appelle les &#8220;sociopathic baffoons&#8221;, on est &#8220;doomed&#8221;. Quand j&#8217;\u00e9tais aux US, je me souviens que main dans la main, Trump et Macron c\u00e9l\u00e9braient l&#8217;anniversaire de l&#8217;alliance franco-am\u00e9ricaine et ce, dans une opulence g\u00eanante et dont les discours ne refl\u00e8taient en rien la souffrance des deux Peuples et l&#8217;\u00e2me des deux Nations.<\/p>\n<p style=\"font-style: italic; color: #444444; text-align: center;\">Comme cette crise ou ce d\u00e9fi Covid le confirme, en laissant les pr\u00e9dateurs narcissiques prendre le pouvoir, (et en politique, il y en a beaucoup), la 6 d\u00e8me extinction est assur\u00e9e. Pour m\u00e9moire, l&#8217;une des caract\u00e9ristiques de tous les narcissique pr\u00e9dateurs qui nous gouvernent est\u00a0<strong>l&#8217;insensibilit\u00e9.\u00a0<\/strong>Ce qu&#8217;ils veulent avant tout, c&#8217;est le contr\u00f4le et le pouvoir. Dans l&#8217;ensemble, il sont insensibles \u00e0 la souffrance humaine.\u00a0<strong>D&#8217;ou l&#8217;absence quasi totale du &#8220;bon sens&#8221; et de l&#8217;Holistique dans la gestion de cette crise &#8220;sanitaire&#8221;.<\/strong><\/p>\n<p style=\"font-style: italic; color: #444444; text-align: center;\">Ceci \u00e9tant, rappelons que il y a moins de &#8220;complotisme&#8221; dans cette affaire Covid que d&#8217;ignorance et de hubris, que les mutants de la Covid sont r\u00e9els et peuvent produire des effets d\u00e9l\u00e9t\u00e8res et l\u00e9taux. D&#8217;ou l&#8217;importance de rester humble et ouvert au &#8220;neuf&#8221; tout en \u00e9tant prudent, y compris en mettant en oeuvre une bonne hygi\u00e8ne de vie et quelques interventions holistiques que l&#8217;on peut trouver dans notre lien intitul\u00e9\u00a0<a href=\"https:\/\/centredebienetreholistique.com\/?page_id=11538\">\u00a0Tips Covid.<\/a><\/p>\n<h4 style=\"text-align: center;\">\u00a0Proposition de substituer \u00e0 la Marseillaise guerri\u00e8re cette Marseillaise &#8220;holistique&#8221;<\/h4>\n<p style=\"text-align: center;\">Simultan\u00e9ment, il faudrait changer le jour de la fete Nationale du 14 juillet au 26 aout, qui est la comm\u00e9moration de la D\u00e9claration des droits de l&#8217;homme et du citoyen.<\/p>\n<p style=\"text-align: center;\">Toutefois, pour ce faire, et si la Nation d\u00e9cide de conserver la V i\u00e8me R\u00e9publique et ses institutions, <span style=\"color: #000000;\">il faut amender l&#8217;article 2 de la Constitution<\/span>.<\/p>\n<p style=\"text-align: center;\">Plein d&#8217;autres pays ont amend\u00e9 leur constitution afin de b\u00e9n\u00e9ficier d&#8217;un hymne national plus cool et adapt\u00e9 \u00e0 l&#8217;Esprit de la Paix. Mais la majorit\u00e9 de l&#8217;\u00e9lite politique fran\u00e7aise qui nous\u00a0contr\u00f4lent y refusent, pr\u00e9f\u00e9rant l&#8217;approche guerri\u00e8re, comme en m\u00e9decine, en droit et autres.<\/p>\n<p style=\"text-align: center;\">Par ces faits, il appartient au Peuple d&#8217;\u00eatre proactif en direction de l&#8217;Holistique et des prochaines \u00e9lection 2022.<\/p>\n<p style=\"text-align: center;\">Ou de p\u00e2turer comme des moutons et de fermer les yeux devant les d\u00e9sastres en pr\u00e9paration et les \u00e9checs successifs des politiques \u00e9litistes.\u00a0<span style=\"color: #5f6368;\"><span style=\"caret-color: #5f6368;\"><b>\u00a0<\/b><\/span><\/span><\/p>\n<p><span class=\"embed-youtube\" style=\"text-align:center; display: block;\"><iframe loading=\"lazy\" class=\"youtube-player\" width=\"605\" height=\"341\" src=\"https:\/\/www.youtube.com\/embed\/OPMWD29OyVg?version=3&#038;rel=1&#038;showsearch=0&#038;showinfo=1&#038;iv_load_policy=1&#038;fs=1&#038;hl=en-US&#038;autohide=2&#038;start=97&#038;wmode=transparent\" allowfullscreen=\"true\" style=\"border:0;\" sandbox=\"allow-scripts allow-same-origin allow-popups allow-presentation\"><\/iframe><\/span><\/p>\n<p style=\"text-align: center;\"><span style=\"font-style: italic; color: #444444;\">Pour nous<\/span><a style=\"font-style: italic;\" href=\"https:\/\/www.facebook.com\/medecineholistic\/?ref=pages_you_manage\">\u00a0suivre sur Facebook<\/a><\/p>\n<p style=\"text-align: center;\"><strong>Texte en construction<\/strong><\/p>\n<p style=\"text-align: center;\">2021 (c) Le Centre M\u00e9diterran\u00e9en de Bien-\u00eatre Holistique et ses agents<\/p>\n<p style=\"text-align: center;\">Avertissements: Toutes les informations de ce site sont de nature \u00e9ducative et ne constituent en aucun cas des conseils juridiques, m\u00e9dicaux ou techniques. Les liens fournis ne constituent pas une approbation formelle<\/p>\n","protected":false},"excerpt":{"rendered":"<p>Pour celles et ceux qui souhaiteraient que je confronte et d\u00e9masque directement les abus, les insuffisances et les erreurs du Pr\u00e9sident Macron et ses experts aux prochaines \u00e9lections, dite le moi via la Page M\u00e9decine Holistic de Facebook, Pour nous\u00a0suivre &hellip;<\/p>\n<p class=\"read-more\"> <a class=\"more-link\" href=\"https:\/\/centredebienetreholistique.com\/?p=11632\"> <span class=\"screen-reader-text\">Poste Scriptum sur l&#8217;Election Pr\u00e9sidentielle 2022<\/span> Read More &raquo;<\/a><\/p>\n","protected":false},"author":1,"featured_media":0,"comment_status":"open","ping_status":"open","sticky":false,"template":"","format":"standard","meta":{"_jetpack_newsletter_access":"","footnotes":""},"categories":[1],"tags":[],"jetpack_featured_media_url":"","jetpack_sharing_enabled":true,"jetpack_shortlink":"https:\/\/wp.me\/p4FfFc-31C","jetpack_likes_enabled":true,"jetpack-related-posts":[{"id":11685,"url":"https:\/\/centredebienetreholistique.com\/?p=11685","url_meta":{"origin":11632,"position":0},"title":"La Politique vaccinale obligatoire n&#8217;est pas conforme \u00e0 l&#8217;\u00e9thique m\u00e9dicale ni au Droit","author":"centredebienetreholistique","date":"July 14, 2021","format":false,"excerpt":"Le forcing vaccinal n'est pas conforme ni \u00e0 l'int\u00e9r\u00eat g\u00e9n\u00e9ral de la Nation et encore moins au Droit et ce d'autant qu'il y a des alternatives cr\u00e9dibles et sup\u00e9rieures. Cette section comporte une analyse assez d\u00e9taill\u00e9e qui sera incluse dans le ebook en gestation. Pour l'instant, vu qu'aujourd'hui on est\u2026","rel":"","context":"Similar post","block_context":{"text":"Similar post","link":""},"img":{"alt_text":"","src":"","width":0,"height":0},"classes":[]},{"id":1246,"url":"https:\/\/centredebienetreholistique.com\/?p=1246","url_meta":{"origin":11632,"position":1},"title":"La vaccination vue au travers du prisme du microbiome, de la science et de la m\u00e9decine holistique.","author":"centredebienetreholistique","date":"July 11, 2016","format":false,"excerpt":"Suite \u00e0 la radiation de toute \u00e9vidence abusive d'Henri Joyeux, professeur de canc\u00e9rologie, par le Conseil National de l'Ordre des M\u00e9decins, (cr\u00e9e par l'Etat de Vichy), je viens d'\u00e9couter une partie du d\u00e9bat vaccin fran\u00e7ais et je constate plusieurs carences par rapport aux d\u00e9bats scientifiques am\u00e9ricains. LE D\u00c9BAT SCIENTIFIQUE AM\u00c9RICAIN\u2026","rel":"","context":"Similar post","block_context":{"text":"Similar post","link":""},"img":{"alt_text":"","src":"","width":0,"height":0},"classes":[]},{"id":984,"url":"https:\/\/centredebienetreholistique.com\/?p=984","url_meta":{"origin":11632,"position":2},"title":"L&#8217;esprit de la M\u00e9decine Holistique et de son Centre Pyr\u00e9n\u00e9en","author":"centredebienetreholistique","date":"November 5, 2015","format":false,"excerpt":"Outre d'autres \u00e9l\u00e9ments de la sant\u00e9 holistique, tel l'\u00e9nerg\u00e9tique, le micro-environnement, la biophysique, \"l'aspect l'musculo-skeletal\",\u00a0la biochimie (ce qui comprend la nutrition clinique, la phytoth\u00e9rapie et l'hydroth\u00e9rapie), le chamanisme, l'\u00e9pig\u00e9n\u00e9tique et plus d'une douzaine d'autres \u00e9l\u00e9ments qui sont enseign\u00e9s au\u00a0Centre de M\u00e9decine Holistique, \u00a0ainsi que dans d'autres Centres de la m\u00e9decine\u2026","rel":"","context":"Similar post","block_context":{"text":"Similar post","link":""},"img":{"alt_text":"","src":"https:\/\/i0.wp.com\/centredebienetreholistique.com\/wp-content\/uploads\/2014\/12\/boudhamaison-225x300.jpg?resize=350%2C200","width":350,"height":200},"classes":[]},{"id":1065,"url":"https:\/\/centredebienetreholistique.com\/?p=1065","url_meta":{"origin":11632,"position":3},"title":"L&#8217;Art Th\u00e9rapie, fondement de la M\u00e9decine Holistique: Hommage \u00e0 Alex Grey","author":"centredebienetreholistique","date":"January 2, 2016","format":false,"excerpt":"[ultimatecarousels][carouselsimages]http:\/\/centredebienetreholistique.com\/wp-content\/uploads\/2016\/01\/Screen-Shot-2015-12-29-at-10.17.43-AM.png[\/carouselsimages][carouselsimages]http:\/\/centredebienetreholistique.com\/wp-content\/uploads\/2016\/01\/Screen-Shot-2015-12-29-at-10.37.52-AM.png[\/carouselsimages][carouselsimages]http:\/\/centredebienetreholistique.com\/wp-content\/uploads\/2016\/01\/Screen-Shot-2016-01-02-at-12.23.40-PM.png[\/carouselsimages][carouselsimages]http:\/\/centredebienetreholistique.com\/wp-content\/uploads\/2016\/01\/Screen-Shot-2015-12-29-at-10.39.02-AM.png[\/carouselsimages][carouselsimages]http:\/\/centredebienetreholistique.com\/wp-content\/uploads\/2016\/01\/Screen-Shot-2016-01-02-at-12.25.18-PM.png[\/carouselsimages][\/ultimatecarousels] L'art d'Alex Grey est fond\u00e9 sur l'anatomie m\u00e9dicale et les \u00e9nergies subtiles de gu\u00e9rison, gra\u00e7e \u00e0 quoi l'on peut voir l'ossature, les vaisseaux sanguins, lymphes m\u00e9lang\u00e9s aux hautes fr\u00e9quences \u00e9nerg\u00e9tiques et reflets de la lumi\u00e8re, \u00e0 l'instar de l'oeuvre de Matisse.\u00a0 L'art th\u00e9rapie utilise l'art comme moyen de se\u2026","rel":"","context":"Similar post","block_context":{"text":"Similar post","link":""},"img":{"alt_text":"","src":"https:\/\/i0.wp.com\/centredebienetreholistique.com\/wp-content\/uploads\/2016\/01\/Screen-Shot-2016-01-02-at-10.07.54-PM.png?resize=350%2C200","width":350,"height":200},"classes":[]},{"id":3242,"url":"https:\/\/centredebienetreholistique.com\/?p=3242","url_meta":{"origin":11632,"position":4},"title":"D\u00e9confinement: Calendrier","author":"centredebienetreholistique","date":"May 2, 2020","format":false,"excerpt":"Le premier ministre, Edouard Philippe, a annonc\u00e9, mardi 28\u00a0avril, la strat\u00e9gie nationale de sortie du confinement \u00e0 l\u2019Assembl\u00e9e nationale, comme il s\u2019y \u00e9tait engag\u00e9. La premi\u00e8re phase de ce plan s\u2019\u00e9talera du lundi 11\u00a0mai au lundi 1er\u00a0juin. Si l\u2019\u00e9pid\u00e9mie continue de ralentir au rythme esp\u00e9r\u00e9 par les autorit\u00e9s, la seconde\u2026","rel":"","context":"Similar post","block_context":{"text":"Similar post","link":""},"img":{"alt_text":"","src":"","width":0,"height":0},"classes":[]},{"id":2973,"url":"https:\/\/centredebienetreholistique.com\/?p=2973","url_meta":{"origin":11632,"position":5},"title":"Atelier &#8220;immunit\u00e9, pand\u00e9mies et COVID 19&#8221; du Stage d&#8217;\u00e9t\u00e9 sur la Long\u00e9vit\u00e9 Optimale","author":"centredebienetreholistique","date":"March 28, 2020","format":false,"excerpt":"Descriptif de l'Atelier Cet \u00e9t\u00e9, si tout se passe bien et si nous avions assez de stagiaires, le Centre de bien-entre holistique enseignera un atelier \"immunit\u00e9 et pand\u00e9mie\". Dams cette perspective, \u00a0plusieurs protocoles holistiques qui peuvent avoir raison du SARS COV-2 et d'autres virus seront analys\u00e9s. On \u00e9tudiera aussi les\u2026","rel":"","context":"Similar post","block_context":{"text":"Similar post","link":""},"img":{"alt_text":"","src":"","width":0,"height":0},"classes":[]}],"_links":{"self":[{"href":"https:\/\/centredebienetreholistique.com\/index.php?rest_route=\/wp\/v2\/posts\/11632"}],"collection":[{"href":"https:\/\/centredebienetreholistique.com\/index.php?rest_route=\/wp\/v2\/posts"}],"about":[{"href":"https:\/\/centredebienetreholistique.com\/index.php?rest_route=\/wp\/v2\/types\/post"}],"author":[{"embeddable":true,"href":"https:\/\/centredebienetreholistique.com\/index.php?rest_route=\/wp\/v2\/users\/1"}],"replies":[{"embeddable":true,"href":"https:\/\/centredebienetreholistique.com\/index.php?rest_route=%2Fwp%2Fv2%2Fcomments&post=11632"}],"version-history":[{"count":10,"href":"https:\/\/centredebienetreholistique.com\/index.php?rest_route=\/wp\/v2\/posts\/11632\/revisions"}],"predecessor-version":[{"id":11658,"href":"https:\/\/centredebienetreholistique.com\/index.php?rest_route=\/wp\/v2\/posts\/11632\/revisions\/11658"}],"wp:attachment":[{"href":"https:\/\/centredebienetreholistique.com\/index.php?rest_route=%2Fwp%2Fv2%2Fmedia&parent=11632"}],"wp:term":[{"taxonomy":"category","embeddable":true,"href":"https:\/\/centredebienetreholistique.com\/index.php?rest_route=%2Fwp%2Fv2%2Fcategories&post=11632"},{"taxonomy":"post_tag","embeddable":true,"href":"https:\/\/centredebienetreholistique.com\/index.php?rest_route=%2Fwp%2Fv2%2Ftags&post=11632"}],"curies":[{"name":"wp","href":"https:\/\/api.w.org\/{rel}","templated":true}]}}